{"id":28324,"date":"2022-06-13T12:31:25","date_gmt":"2022-06-13T17:31:25","guid":{"rendered":"https:\/\/encuentroinformativo.com.mx\/?p=28324"},"modified":"2022-06-13T12:31:28","modified_gmt":"2022-06-13T17:31:28","slug":"presenta-ayuntamiento-denuncias-por-danos-a-la-via-publica-rechaza-luminarias","status":"publish","type":"post","link":"https:\/\/encuentroinformativo.com.mx\/?p=28324","title":{"rendered":"Presenta Ayuntamiento denuncias por da\u00f1os a la v\u00eda p\u00fablica; rechaza luminarias"},"content":{"rendered":"\n<p><strong>*Se actuar\u00e1 hasta las \u00faltimas consecuencias contra quien o quienes resulten responsables.<\/strong><\/p>\n\n\n\n<p>Xalapa, Ver.- En el Ayuntamiento de Xalapa no somos omisos y procederemos hasta las \u00faltimas consecuencias en contra de quienes realizaron distintos cortes en la v\u00eda p\u00fablica que hoy afectan la integridad de nuestras vialidades, as\u00ed como en contra de quien resulte responsable por la instalaci\u00f3n de luminarias LED de baja calidad, afirm\u00f3 el presidente municipal Ricardo Ahued Bardahuil.<\/p>\n\n\n\n<p>El Alcalde explic\u00f3 que a ra\u00edz de protestas de habitantes de Monte Magno y otras zonas sobre aberturas y cortes en las v\u00edas de tr\u00e1nsito, sin autorizaci\u00f3n para introducir ductos de cableado, existen denuncias contra las o los empresarios responsables por da\u00f1os a la ciudad.<\/p>\n\n\n\n<p>Dijo que estos cortes representan un atentado contra la infraestructura p\u00fablica, ya que han ocasionado socavones y otras afectaciones que no se tolerar\u00e1n, por lo que las empresas responsables tendr\u00e1n que liquidar los da\u00f1os que se cuantifiquen, adem\u00e1s de m\u00e1s de un mill\u00f3n de pesos entre multas y permisos pendientes.<\/p>\n\n\n\n<p>Adem\u00e1s, dio a conocer que el Ayuntamiento no recibir\u00e1 m\u00e1s de 7 mil luminarias tipo LED como parte del programa de modernizaci\u00f3n del alumbrado p\u00fablico desarrollado a trav\u00e9s del FIDE, pues se trata de piezas que no cumplen con los est\u00e1ndares de calidad adecuados para la ciudad.<\/p>\n\n\n\n<p>De acuerdo con el Edil, ya se trabaja en la reparaci\u00f3n de las que han presentado fallas y se buscar\u00e1 la reposici\u00f3n de todas las que fueron instaladas en diversas colonias. Adem\u00e1s, detall\u00f3 que tambi\u00e9n existe una denuncia presentada contra quien resulte responsable por estos hechos.<\/p>\n\n\n\n<p>\u201cNo somos omisos, procederemos hasta las \u00faltimas consecuencias. Ya est\u00e1n las denuncias presentadas en la Unidad de Atenci\u00f3n Temprana y la Unidad Integral de Procuraci\u00f3n de Justicia del Distrito XI de la Fiscal\u00eda General del Estado\u201d, expres\u00f3.<\/p>\n","protected":false},"excerpt":{"rendered":"<p>*Se actuar\u00e1 hasta las \u00faltimas consecuencias contra quien o quienes resulten responsables. Xalapa, Ver.- En el Ayuntamiento de Xalapa no somos omisos y procederemos hasta las \u00faltimas consecuencias en contra de quienes realizaron distintos cortes en la v\u00eda p\u00fablica que hoy afectan la integridad de nuestras vialidades, as\u00ed como en contra de quien resulte responsable [&hellip;]<\/p>\n","protected":false},"author":1,"featured_media":28325,"comment_status":"open","ping_status":"open","sticky":false,"template":"","format":"standard","meta":{"_jetpack_memberships_contains_paid_content":false,"footnotes":""},"categories":[3],"tags":[],"class_list":["post-28324","post","type-post","status-publish","format-standard","has-post-thumbnail","hentry","category-xalapa"],"jetpack_featured_media_url":"https:\/\/encuentroinformativo.com.mx\/wp-content\/uploads\/2022\/06\/564A9C44-1538-452C-B7A5-8C6DB446CDA4.jpeg","jetpack_sharing_enabled":true,"jetpack_likes_enabled":true,"amp_enabled":true,"_links":{"self":[{"href":"https:\/\/encuentroinformativo.com.mx\/index.php?rest_route=\/wp\/v2\/posts\/28324","targetHints":{"allow":["GET"]}}],"collection":[{"href":"https:\/\/encuentroinformativo.com.mx\/index.php?rest_route=\/wp\/v2\/posts"}],"about":[{"href":"https:\/\/encuentroinformativo.com.mx\/index.php?rest_route=\/wp\/v2\/types\/post"}],"author":[{"embeddable":true,"href":"https:\/\/encuentroinformativo.com.mx\/index.php?rest_route=\/wp\/v2\/users\/1"}],"replies":[{"embeddable":true,"href":"https:\/\/encuentroinformativo.com.mx\/index.php?rest_route=%2Fwp%2Fv2%2Fcomments&post=28324"}],"version-history":[{"count":1,"href":"https:\/\/encuentroinformativo.com.mx\/index.php?rest_route=\/wp\/v2\/posts\/28324\/revisions"}],"predecessor-version":[{"id":28326,"href":"https:\/\/encuentroinformativo.com.mx\/index.php?rest_route=\/wp\/v2\/posts\/28324\/revisions\/28326"}],"wp:featuredmedia":[{"embeddable":true,"href":"https:\/\/encuentroinformativo.com.mx\/index.php?rest_route=\/wp\/v2\/media\/28325"}],"wp:attachment":[{"href":"https:\/\/encuentroinformativo.com.mx\/index.php?rest_route=%2Fwp%2Fv2%2Fmedia&parent=28324"}],"wp:term":[{"taxonomy":"category","embeddable":true,"href":"https:\/\/encuentroinformativo.com.mx\/index.php?rest_route=%2Fwp%2Fv2%2Fcategories&post=28324"},{"taxonomy":"post_tag","embeddable":true,"href":"https:\/\/encuentroinformativo.com.mx\/index.php?rest_route=%2Fwp%2Fv2%2Ftags&post=28324"}],"curies":[{"name":"wp","href":"https:\/\/api.w.org\/{rel}","templated":true}]}}