{"id":2833,"date":"2020-05-26T19:44:43","date_gmt":"2020-05-27T00:44:43","guid":{"rendered":"https:\/\/encuentroinformativo.com\/?p=2833"},"modified":"2020-05-26T19:44:45","modified_gmt":"2020-05-27T00:44:45","slug":"a-pesar-de-pandemia-negocios-se-niegan-a-cerrar","status":"publish","type":"post","link":"https:\/\/encuentroinformativo.com.mx\/?p=2833","title":{"rendered":"A pesar de pandemia, negocios se niegan a cerrar"},"content":{"rendered":"\n<p><strong>Dar\u00edo Pale <\/strong><\/p>\n\n\n\n<p>Xalapa, Ver.- Personal del ayuntamiento de Xalapa impuso un acto circunstancial en uno de los exhibidores de una zapater\u00eda que se encuentra en la esquina de Ju\u00e1rez y Revoluci\u00f3n lo que caus\u00f3 la molestia de los comerciantes y se manifestaron y bloquearon las calles.<\/p>\n\n\n\n<p>Los afectados, acusaron que varios polic\u00edas municipales arribaron al lugar a acompa\u00f1ando a los inspectores con el argumento de que el local no pod\u00eda operar debido a la emergencia que se vive por el Coronavirus.<\/p>\n\n\n\n<p>Los inconformes, se pronunciaron en desacuerdo con que la autoridad municipal contin\u00fae realizando est\u00e1s acciones, cuando los locatarios atraviesan por serios problemas econ\u00f3micos.<\/p>\n\n\n\n<p>&#8220;Ya estuvimos encerrados mucho tiempo, se acaba el poco dinero que tenemos, la renta no la perdonan, el pago de la luz lleg\u00f3 m\u00e1s caro, y el agua ser\u00e1 lo mismo, tenemos muchos o poquitos empleados y ellos depende de nosotros&#8221;, acusaron.<\/p>\n\n\n\n<p>Se\u00f1al\u00f3 que incluso con el af\u00e1n de que sus establecimientos contin\u00faen abiertos, ellos han acatado las medidas sanitarias para poder trabajar.<\/p>\n\n\n\n<p>&#8220;No todo el d\u00eda, venimos por ratos para sacar un poquito para comer y que el empleado tambi\u00e9n tenga para llevar el pan a su casa, no somos delincuentes, nos quieren poner como tal pero no lo somos&#8221;, se\u00f1alaron en entrevista.<\/p>\n\n\n\n<p>El afectado, quien reserv\u00f3 su nombre, se\u00f1al\u00f3 que en caso de la zapater\u00eda, el propietario ni siquiera fue notificado por la autoridad, &#8220;vino Protecci\u00f3n Civil y s\u00f3lo dej\u00f3 en papel que ni siquiera ley\u00f3, y puso que estamos violentando y si quiere cerrar que todos sea equitativo&#8221;.<\/p>\n\n\n\n<p>Los inconformes incluso leyeron un pronunciamiento donde piden a los gobiernos respeto a las garant\u00edas individuales y hacer valer su derecho a petici\u00f3n sobre la aperturas de negocios.<\/p>\n\n\n\n<p>&#8220;Las personas que quieran confinarse y puedan, adelante, pero las que tenemos que salir, que tenemos un negocio, que tenemos que pagar impuestos y todos los servicios que nos dejen trabajar&#8221;, comentaron.<\/p>\n\n\n\n<p>Finalmente solicitaron que al grupo de personas que se oponen al cierre de comercio en la ciudad no se les catalogue como violentadores, &#8220;hay negocios abiertos y hay negocios cerrado solo pedimos que se nos apoye porque estamos haciendo nuestro trabajo&#8221;.<br><\/p>\n\n\n\n<figure class=\"wp-block-image size-large\"><img loading=\"lazy\" decoding=\"async\" width=\"1280\" height=\"853\" src=\"https:\/\/i0.wp.com\/encuentroinformativo.com\/wp-content\/uploads\/2020\/05\/171BB06E-3D7F-4FFF-96BE-249F747F5A26.jpeg?fit=640%2C426&amp;ssl=1\" alt=\"\" class=\"wp-image-2835\" srcset=\"https:\/\/encuentroinformativo.com.mx\/wp-content\/uploads\/2020\/05\/171BB06E-3D7F-4FFF-96BE-249F747F5A26.jpeg 1280w, https:\/\/encuentroinformativo.com.mx\/wp-content\/uploads\/2020\/05\/171BB06E-3D7F-4FFF-96BE-249F747F5A26-300x200.jpeg 300w, https:\/\/encuentroinformativo.com.mx\/wp-content\/uploads\/2020\/05\/171BB06E-3D7F-4FFF-96BE-249F747F5A26-1024x682.jpeg 1024w, https:\/\/encuentroinformativo.com.mx\/wp-content\/uploads\/2020\/05\/171BB06E-3D7F-4FFF-96BE-249F747F5A26-768x512.jpeg 768w\" sizes=\"auto, (max-width: 1280px) 100vw, 1280px\" \/><\/figure>\n\n\n\n<p><\/p>\n","protected":false},"excerpt":{"rendered":"<p>Dar\u00edo Pale Xalapa, Ver.- Personal del ayuntamiento de Xalapa impuso un acto circunstancial en uno de los exhibidores de una zapater\u00eda que se encuentra en la esquina de Ju\u00e1rez y Revoluci\u00f3n lo que caus\u00f3 la molestia de los comerciantes y se manifestaron y bloquearon las calles. Los afectados, acusaron que varios polic\u00edas municipales arribaron al [&hellip;]<\/p>\n","protected":false},"author":1,"featured_media":2834,"comment_status":"open","ping_status":"open","sticky":false,"template":"","format":"standard","meta":{"_jetpack_memberships_contains_paid_content":false,"footnotes":""},"categories":[3],"tags":[],"class_list":["post-2833","post","type-post","status-publish","format-standard","has-post-thumbnail","hentry","category-xalapa"],"jetpack_featured_media_url":"https:\/\/encuentroinformativo.com.mx\/wp-content\/uploads\/2020\/05\/81948E23-9275-46FB-94D9-E02F962F11D9.jpeg","jetpack_sharing_enabled":true,"jetpack_likes_enabled":true,"amp_enabled":true,"_links":{"self":[{"href":"https:\/\/encuentroinformativo.com.mx\/index.php?rest_route=\/wp\/v2\/posts\/2833","targetHints":{"allow":["GET"]}}],"collection":[{"href":"https:\/\/encuentroinformativo.com.mx\/index.php?rest_route=\/wp\/v2\/posts"}],"about":[{"href":"https:\/\/encuentroinformativo.com.mx\/index.php?rest_route=\/wp\/v2\/types\/post"}],"author":[{"embeddable":true,"href":"https:\/\/encuentroinformativo.com.mx\/index.php?rest_route=\/wp\/v2\/users\/1"}],"replies":[{"embeddable":true,"href":"https:\/\/encuentroinformativo.com.mx\/index.php?rest_route=%2Fwp%2Fv2%2Fcomments&post=2833"}],"version-history":[{"count":1,"href":"https:\/\/encuentroinformativo.com.mx\/index.php?rest_route=\/wp\/v2\/posts\/2833\/revisions"}],"predecessor-version":[{"id":2836,"href":"https:\/\/encuentroinformativo.com.mx\/index.php?rest_route=\/wp\/v2\/posts\/2833\/revisions\/2836"}],"wp:featuredmedia":[{"embeddable":true,"href":"https:\/\/encuentroinformativo.com.mx\/index.php?rest_route=\/wp\/v2\/media\/2834"}],"wp:attachment":[{"href":"https:\/\/encuentroinformativo.com.mx\/index.php?rest_route=%2Fwp%2Fv2%2Fmedia&parent=2833"}],"wp:term":[{"taxonomy":"category","embeddable":true,"href":"https:\/\/encuentroinformativo.com.mx\/index.php?rest_route=%2Fwp%2Fv2%2Fcategories&post=2833"},{"taxonomy":"post_tag","embeddable":true,"href":"https:\/\/encuentroinformativo.com.mx\/index.php?rest_route=%2Fwp%2Fv2%2Ftags&post=2833"}],"curies":[{"name":"wp","href":"https:\/\/api.w.org\/{rel}","templated":true}]}}