{"id":28334,"date":"2022-06-13T13:59:28","date_gmt":"2022-06-13T18:59:28","guid":{"rendered":"https:\/\/encuentroinformativo.com.mx\/?p=28334"},"modified":"2022-06-13T13:59:32","modified_gmt":"2022-06-13T18:59:32","slug":"buscan-expandir-desfiles-de-carnaval-a-boca-del-rio","status":"publish","type":"post","link":"https:\/\/encuentroinformativo.com.mx\/?p=28334","title":{"rendered":"Buscan expandir desfiles de Carnaval a Boca del R\u00edo"},"content":{"rendered":"\n<p><strong>Alejandro \u00c1vila<\/strong><\/p>\n\n\n\n<p>Boca del R\u00edo, Ver.- Para la edici\u00f3n 2022, el alcalde, Juan Manuel Unanue Abascal dijo que, buscar\u00e1n se expanda el recorrido de los desfiles de Carnaval en la ciudad de Boca del R\u00edo, tal como ya se hac\u00eda hace algunos a\u00f1os.<\/p>\n\n\n\n<p>El entrevista coment\u00f3 que, ya se encuentra en di\u00e1logo con el presidente del Comit\u00e9 de Carnaval, Luis Antonio P\u00e9rez Fraga, para lograr qu\u00e9 se ocupen m\u00e1s kil\u00f3metros del bulevar &#8220;Manuel \u00c1vila Camacho&#8221; en su municipio.<\/p>\n\n\n\n<p>&#8220;Estamos valorando, estamos en pl\u00e1ticas todav\u00eda con el presidente del Comit\u00e9 de Carnaval. La idea de nosotros es que cerrar\u00e1 en Boca del R\u00edo por el bulevar \u00c1vila Camacho, c\u00f3mo se hac\u00eda hace muchos a\u00f1os, \u00bfporque?, porque as\u00ed, independientemente de qu\u00e9 hay m\u00e1s tramo que recorre en Boca del R\u00edo, tenemos la posibilidad de invitar a m\u00e1s boque\u00f1os a disfrutar de los paseos de Carnaval&#8221;, agreg\u00f3.<\/p>\n\n\n\n<p>El edil panista dijo que, adem\u00e1s de apoyar con seguridad, brigadas del DIF y log\u00edstica, tambi\u00e9n aportar\u00e1n un carro aleg\u00f3rico al desfile.<\/p>\n\n\n\n<p>Juan Manuel Unanue Abascal estuvo invitado a la presentaci\u00f3n del Festival del Vino y el Mar que se llevar\u00e1 a cabo los d\u00edas 18 y 19 de junio.<\/p>\n","protected":false},"excerpt":{"rendered":"<p>Alejandro \u00c1vila Boca del R\u00edo, Ver.- Para la edici\u00f3n 2022, el alcalde, Juan Manuel Unanue Abascal dijo que, buscar\u00e1n se expanda el recorrido de los desfiles de Carnaval en la ciudad de Boca del R\u00edo, tal como ya se hac\u00eda hace algunos a\u00f1os. El entrevista coment\u00f3 que, ya se encuentra en di\u00e1logo con el presidente [&hellip;]<\/p>\n","protected":false},"author":1,"featured_media":28335,"comment_status":"open","ping_status":"open","sticky":false,"template":"","format":"standard","meta":{"_jetpack_memberships_contains_paid_content":false,"footnotes":""},"categories":[2],"tags":[],"class_list":["post-28334","post","type-post","status-publish","format-standard","has-post-thumbnail","hentry","category-estado"],"jetpack_featured_media_url":"https:\/\/encuentroinformativo.com.mx\/wp-content\/uploads\/2022\/06\/7AAB7717-493B-4500-B54F-8156A6DDB64B.jpeg","jetpack_sharing_enabled":true,"jetpack_likes_enabled":true,"amp_enabled":true,"_links":{"self":[{"href":"https:\/\/encuentroinformativo.com.mx\/index.php?rest_route=\/wp\/v2\/posts\/28334","targetHints":{"allow":["GET"]}}],"collection":[{"href":"https:\/\/encuentroinformativo.com.mx\/index.php?rest_route=\/wp\/v2\/posts"}],"about":[{"href":"https:\/\/encuentroinformativo.com.mx\/index.php?rest_route=\/wp\/v2\/types\/post"}],"author":[{"embeddable":true,"href":"https:\/\/encuentroinformativo.com.mx\/index.php?rest_route=\/wp\/v2\/users\/1"}],"replies":[{"embeddable":true,"href":"https:\/\/encuentroinformativo.com.mx\/index.php?rest_route=%2Fwp%2Fv2%2Fcomments&post=28334"}],"version-history":[{"count":1,"href":"https:\/\/encuentroinformativo.com.mx\/index.php?rest_route=\/wp\/v2\/posts\/28334\/revisions"}],"predecessor-version":[{"id":28336,"href":"https:\/\/encuentroinformativo.com.mx\/index.php?rest_route=\/wp\/v2\/posts\/28334\/revisions\/28336"}],"wp:featuredmedia":[{"embeddable":true,"href":"https:\/\/encuentroinformativo.com.mx\/index.php?rest_route=\/wp\/v2\/media\/28335"}],"wp:attachment":[{"href":"https:\/\/encuentroinformativo.com.mx\/index.php?rest_route=%2Fwp%2Fv2%2Fmedia&parent=28334"}],"wp:term":[{"taxonomy":"category","embeddable":true,"href":"https:\/\/encuentroinformativo.com.mx\/index.php?rest_route=%2Fwp%2Fv2%2Fcategories&post=28334"},{"taxonomy":"post_tag","embeddable":true,"href":"https:\/\/encuentroinformativo.com.mx\/index.php?rest_route=%2Fwp%2Fv2%2Ftags&post=28334"}],"curies":[{"name":"wp","href":"https:\/\/api.w.org\/{rel}","templated":true}]}}