{"id":28337,"date":"2022-06-13T14:03:18","date_gmt":"2022-06-13T19:03:18","guid":{"rendered":"https:\/\/encuentroinformativo.com.mx\/?p=28337"},"modified":"2022-06-13T14:03:21","modified_gmt":"2022-06-13T19:03:21","slug":"laboran-bajo-protesta-en-radio-uv","status":"publish","type":"post","link":"https:\/\/encuentroinformativo.com.mx\/?p=28337","title":{"rendered":"Laboran bajo protesta en Radio UV"},"content":{"rendered":"\n<p><strong>Juan Arcos <\/strong><\/p>\n\n\n\n<p>Xalapa, Ver.- Personal sindicalizado de la Universidad Veracruzana (UV) labora bajo protesta para exigir que sean respetados sus derechos laborales.<\/p>\n\n\n\n<p>Sobre la fachada de Radio Universidad Veracruzana (Radio UV) colocaron una lona de gran tama\u00f1o donde demandaron dicha situaci\u00f3n al rector de la m\u00e1xima casa de estudios, Mart\u00edn Aguilar S\u00e1nchez.<\/p>\n\n\n\n<p>Las instalaciones se encuentran sobre la calle Francisco Javier Clavijero, casi esquina con Benito Ju\u00e1rez, en el Centro Hist\u00f3rico de esta ciudad, donde han sido constantes los reclamos por parte de los trabajadores.<\/p>\n\n\n\n<p>Los quejosos exigieron que les devuelvan las cargas laborales que hab\u00edan mantenido desde la transici\u00f3n de la frecuencia Amplitud Modulada (AM) a Frecuencia Modulada (FM).<\/p>\n\n\n\n<p>Se trata de integrantes del Sindicato Estatal de Trabajadores al Servicio de la Universidad Veracruzana (Setsuv) quienes indican que desde octubre de 2021 les fueron retiradas sus cargas de laborales.<\/p>\n\n\n\n<p>Comentaron que esta situaci\u00f3n afecta directamente a su econom\u00eda, pues sus familias dependen del salario que reciben por parte de la UV.<\/p>\n\n\n\n<p>Las personas que se han visto mayormente afectadas se desempe\u00f1an como t\u00e9cnicos y personal administrativo.<\/p>\n\n\n\n<p>\u201cExigimos regresen nuestras cargas de trabajo, ya que a partir del 18 de octubre de 2021 fueron retiradas y ocupadas arbitrariamente haciendo caso omiso a los trabajadores t\u00e9cnicos y administrativos afiliados al Setsuv de Radio Universidad Veracruzana\u201d, se lee en el mensaje.<\/p>\n","protected":false},"excerpt":{"rendered":"<p>Juan Arcos Xalapa, Ver.- Personal sindicalizado de la Universidad Veracruzana (UV) labora bajo protesta para exigir que sean respetados sus derechos laborales. Sobre la fachada de Radio Universidad Veracruzana (Radio UV) colocaron una lona de gran tama\u00f1o donde demandaron dicha situaci\u00f3n al rector de la m\u00e1xima casa de estudios, Mart\u00edn Aguilar S\u00e1nchez. Las instalaciones se [&hellip;]<\/p>\n","protected":false},"author":1,"featured_media":28338,"comment_status":"open","ping_status":"open","sticky":false,"template":"","format":"standard","meta":{"_jetpack_memberships_contains_paid_content":false,"footnotes":""},"categories":[3],"tags":[],"class_list":["post-28337","post","type-post","status-publish","format-standard","has-post-thumbnail","hentry","category-xalapa"],"jetpack_featured_media_url":"https:\/\/encuentroinformativo.com.mx\/wp-content\/uploads\/2022\/06\/9702CF88-0A25-489B-AA11-10F8A217CA11.jpeg","jetpack_sharing_enabled":true,"jetpack_likes_enabled":true,"amp_enabled":true,"_links":{"self":[{"href":"https:\/\/encuentroinformativo.com.mx\/index.php?rest_route=\/wp\/v2\/posts\/28337","targetHints":{"allow":["GET"]}}],"collection":[{"href":"https:\/\/encuentroinformativo.com.mx\/index.php?rest_route=\/wp\/v2\/posts"}],"about":[{"href":"https:\/\/encuentroinformativo.com.mx\/index.php?rest_route=\/wp\/v2\/types\/post"}],"author":[{"embeddable":true,"href":"https:\/\/encuentroinformativo.com.mx\/index.php?rest_route=\/wp\/v2\/users\/1"}],"replies":[{"embeddable":true,"href":"https:\/\/encuentroinformativo.com.mx\/index.php?rest_route=%2Fwp%2Fv2%2Fcomments&post=28337"}],"version-history":[{"count":1,"href":"https:\/\/encuentroinformativo.com.mx\/index.php?rest_route=\/wp\/v2\/posts\/28337\/revisions"}],"predecessor-version":[{"id":28339,"href":"https:\/\/encuentroinformativo.com.mx\/index.php?rest_route=\/wp\/v2\/posts\/28337\/revisions\/28339"}],"wp:featuredmedia":[{"embeddable":true,"href":"https:\/\/encuentroinformativo.com.mx\/index.php?rest_route=\/wp\/v2\/media\/28338"}],"wp:attachment":[{"href":"https:\/\/encuentroinformativo.com.mx\/index.php?rest_route=%2Fwp%2Fv2%2Fmedia&parent=28337"}],"wp:term":[{"taxonomy":"category","embeddable":true,"href":"https:\/\/encuentroinformativo.com.mx\/index.php?rest_route=%2Fwp%2Fv2%2Fcategories&post=28337"},{"taxonomy":"post_tag","embeddable":true,"href":"https:\/\/encuentroinformativo.com.mx\/index.php?rest_route=%2Fwp%2Fv2%2Ftags&post=28337"}],"curies":[{"name":"wp","href":"https:\/\/api.w.org\/{rel}","templated":true}]}}