{"id":28347,"date":"2022-06-13T13:32:03","date_gmt":"2022-06-13T18:32:03","guid":{"rendered":"https:\/\/encuentroinformativo.com.mx\/?p=28347"},"modified":"2022-06-13T15:58:33","modified_gmt":"2022-06-13T20:58:33","slug":"yerimua-lucio-majestuoso-vestido-de-disenadora-de-miss-universo","status":"publish","type":"post","link":"https:\/\/encuentroinformativo.com.mx\/?p=28347","title":{"rendered":"Yerimua luci\u00f3  majestuoso vestido de dise\u00f1adora de Miss Universo"},"content":{"rendered":"\n<p><strong>Alejandro \u00c1vila<\/strong><\/p>\n\n\n\n<p>Boca del R\u00edo, Ver.- La reina del Carnaval de Veracruz, &#8220;Yerimua I&#8221;, luci\u00f3 un majestuoso vestido de la veracruzana Flor Campos, quien tambi\u00e9n form\u00f3 parte del equipo de dise\u00f1adores de la Miss Universo 2021, Andrea Meza.<\/p>\n\n\n\n<p>Durante el primer &#8220;papaqui&#8221; realizado este domingo en la colonia Carranza del municipio de Boca del R\u00edo, la influencer veracruzana mostr\u00f3 un dise\u00f1o colorido con alas de 4 metros.<\/p>\n\n\n\n<p>Este dise\u00f1o, dijo en sus redes sociales, es en honor a la guacamaya roja, misma que se encuentra en peligro de extinci\u00f3n y se puede conocer en cautiverio en el Aquarium de Veracruz.<\/p>\n\n\n\n<p>El primer &#8220;papaqui&#8221; de Carnaval fue todo un \u00e9xito, pues logr\u00f3 reunir a casi 45 mil personas en la avenida Graciano S\u00e1nchez; el pr\u00f3ximo domingo 19 de junio se realizar\u00e1 el segundo &#8220;papaqui&#8221;, en la avenida Independencia del municipio de Veracruz.<\/p>\n\n\n\n<p>La soberana de las fiestas en honor al Rey Momo agreg\u00f3 que, el resto de sus dise\u00f1os tambi\u00e9n tendr\u00e1n un motivo especial a modo de protesta, qu\u00e9 bien podr\u00eda ser apoyo al aborto, al feminismo o el cuidado del medio ambiente; se presume que el resto de sus atuendos tambi\u00e9n ser\u00e1n dise\u00f1ados por la internacional jarocha, Flor Campos.<\/p>\n","protected":false},"excerpt":{"rendered":"<p>Alejandro \u00c1vila Boca del R\u00edo, Ver.- La reina del Carnaval de Veracruz, &#8220;Yerimua I&#8221;, luci\u00f3 un majestuoso vestido de la veracruzana Flor Campos, quien tambi\u00e9n form\u00f3 parte del equipo de dise\u00f1adores de la Miss Universo 2021, Andrea Meza. Durante el primer &#8220;papaqui&#8221; realizado este domingo en la colonia Carranza del municipio de Boca del R\u00edo, [&hellip;]<\/p>\n","protected":false},"author":1,"featured_media":28348,"comment_status":"open","ping_status":"open","sticky":false,"template":"","format":"standard","meta":{"_jetpack_memberships_contains_paid_content":false,"footnotes":""},"categories":[2],"tags":[],"class_list":["post-28347","post","type-post","status-publish","format-standard","has-post-thumbnail","hentry","category-estado"],"jetpack_featured_media_url":"https:\/\/encuentroinformativo.com.mx\/wp-content\/uploads\/2022\/06\/7A3627DB-A61E-4D84-BF14-F18977E1C774.jpeg","jetpack_sharing_enabled":true,"jetpack_likes_enabled":true,"amp_enabled":true,"_links":{"self":[{"href":"https:\/\/encuentroinformativo.com.mx\/index.php?rest_route=\/wp\/v2\/posts\/28347","targetHints":{"allow":["GET"]}}],"collection":[{"href":"https:\/\/encuentroinformativo.com.mx\/index.php?rest_route=\/wp\/v2\/posts"}],"about":[{"href":"https:\/\/encuentroinformativo.com.mx\/index.php?rest_route=\/wp\/v2\/types\/post"}],"author":[{"embeddable":true,"href":"https:\/\/encuentroinformativo.com.mx\/index.php?rest_route=\/wp\/v2\/users\/1"}],"replies":[{"embeddable":true,"href":"https:\/\/encuentroinformativo.com.mx\/index.php?rest_route=%2Fwp%2Fv2%2Fcomments&post=28347"}],"version-history":[{"count":1,"href":"https:\/\/encuentroinformativo.com.mx\/index.php?rest_route=\/wp\/v2\/posts\/28347\/revisions"}],"predecessor-version":[{"id":28349,"href":"https:\/\/encuentroinformativo.com.mx\/index.php?rest_route=\/wp\/v2\/posts\/28347\/revisions\/28349"}],"wp:featuredmedia":[{"embeddable":true,"href":"https:\/\/encuentroinformativo.com.mx\/index.php?rest_route=\/wp\/v2\/media\/28348"}],"wp:attachment":[{"href":"https:\/\/encuentroinformativo.com.mx\/index.php?rest_route=%2Fwp%2Fv2%2Fmedia&parent=28347"}],"wp:term":[{"taxonomy":"category","embeddable":true,"href":"https:\/\/encuentroinformativo.com.mx\/index.php?rest_route=%2Fwp%2Fv2%2Fcategories&post=28347"},{"taxonomy":"post_tag","embeddable":true,"href":"https:\/\/encuentroinformativo.com.mx\/index.php?rest_route=%2Fwp%2Fv2%2Ftags&post=28347"}],"curies":[{"name":"wp","href":"https:\/\/api.w.org\/{rel}","templated":true}]}}