{"id":28350,"date":"2022-06-13T12:13:36","date_gmt":"2022-06-13T17:13:36","guid":{"rendered":"https:\/\/encuentroinformativo.com.mx\/?p=28350"},"modified":"2022-06-13T15:56:31","modified_gmt":"2022-06-13T20:56:31","slug":"en-medellin-de-bravo-cambia-ssp-a-jefe-policial","status":"publish","type":"post","link":"https:\/\/encuentroinformativo.com.mx\/?p=28350","title":{"rendered":"En Medell\u00edn de Bravo cambia SSP a Jefe Policial"},"content":{"rendered":"\n<p><strong>Alejandro \u00c1vila<\/strong><\/p>\n\n\n\n<p>Medell\u00edn de Bravo, Ver.- La Secretar\u00eda de Seguridad P\u00fablica (SSP) de Veracruz hizo el cambio del jefe policiaco en el municipio de Medell\u00edn de Bravo este domingo, dejando en el cargo a Remedios M\u00e9ndez Mart\u00ednez.<\/p>\n\n\n\n<p>Durante las Brigadas Itinerantes organiza el Gobierno del Estado, el subsecretario de Gobierno, Carlos Alberto Ju\u00e1rez Gil, en compa\u00f1\u00eda del alcalde, Marcos Isle\u00f1o Andrade, hicieron la formal presentaci\u00f3n en el parque central de la cabecera municipal.<\/p>\n\n\n\n<p>Es de mencionar que, desde inicios del mes de enero, al alcalde Marcos Isle\u00f1o le fueron llegando diversos reportes de abuso de autoridad y falta de vigilancia en diversas localidades del municipio.<\/p>\n\n\n\n<p>\u201cPara nosotros es muy importante el tema de la seguridad, porque la polic\u00eda est\u00e1 para cuidar al ciudadano, no para que los ciudadanos se cuiden de la polic\u00eda\u201d, apunt\u00f3.<\/p>\n\n\n\n<p>En ese sentido, Isle\u00f1o Andrade se comprometi\u00f3 a coadyuvar con el Comandante y con sus elementos para que Medell\u00edn tenga un cuerpo policiaco confiable y seguro.<\/p>\n\n\n\n<p>El alcalde subray\u00f3 que la polic\u00eda estatal estar\u00e1 resguardando la seguridad de los medellinenses hasta el mes de diciembre, ya que a partir de enero del 2023 se municipalizar\u00e1.<\/p>\n","protected":false},"excerpt":{"rendered":"<p>Alejandro \u00c1vila Medell\u00edn de Bravo, Ver.- La Secretar\u00eda de Seguridad P\u00fablica (SSP) de Veracruz hizo el cambio del jefe policiaco en el municipio de Medell\u00edn de Bravo este domingo, dejando en el cargo a Remedios M\u00e9ndez Mart\u00ednez. Durante las Brigadas Itinerantes organiza el Gobierno del Estado, el subsecretario de Gobierno, Carlos Alberto Ju\u00e1rez Gil, en [&hellip;]<\/p>\n","protected":false},"author":1,"featured_media":28351,"comment_status":"open","ping_status":"open","sticky":false,"template":"","format":"standard","meta":{"_jetpack_memberships_contains_paid_content":false,"footnotes":""},"categories":[2],"tags":[],"class_list":["post-28350","post","type-post","status-publish","format-standard","has-post-thumbnail","hentry","category-estado"],"jetpack_featured_media_url":"https:\/\/encuentroinformativo.com.mx\/wp-content\/uploads\/2022\/06\/CD4BCBA0-8D6B-402E-8D1A-0D6A5474FB19.jpeg","jetpack_sharing_enabled":true,"jetpack_likes_enabled":true,"amp_enabled":true,"_links":{"self":[{"href":"https:\/\/encuentroinformativo.com.mx\/index.php?rest_route=\/wp\/v2\/posts\/28350","targetHints":{"allow":["GET"]}}],"collection":[{"href":"https:\/\/encuentroinformativo.com.mx\/index.php?rest_route=\/wp\/v2\/posts"}],"about":[{"href":"https:\/\/encuentroinformativo.com.mx\/index.php?rest_route=\/wp\/v2\/types\/post"}],"author":[{"embeddable":true,"href":"https:\/\/encuentroinformativo.com.mx\/index.php?rest_route=\/wp\/v2\/users\/1"}],"replies":[{"embeddable":true,"href":"https:\/\/encuentroinformativo.com.mx\/index.php?rest_route=%2Fwp%2Fv2%2Fcomments&post=28350"}],"version-history":[{"count":1,"href":"https:\/\/encuentroinformativo.com.mx\/index.php?rest_route=\/wp\/v2\/posts\/28350\/revisions"}],"predecessor-version":[{"id":28352,"href":"https:\/\/encuentroinformativo.com.mx\/index.php?rest_route=\/wp\/v2\/posts\/28350\/revisions\/28352"}],"wp:featuredmedia":[{"embeddable":true,"href":"https:\/\/encuentroinformativo.com.mx\/index.php?rest_route=\/wp\/v2\/media\/28351"}],"wp:attachment":[{"href":"https:\/\/encuentroinformativo.com.mx\/index.php?rest_route=%2Fwp%2Fv2%2Fmedia&parent=28350"}],"wp:term":[{"taxonomy":"category","embeddable":true,"href":"https:\/\/encuentroinformativo.com.mx\/index.php?rest_route=%2Fwp%2Fv2%2Fcategories&post=28350"},{"taxonomy":"post_tag","embeddable":true,"href":"https:\/\/encuentroinformativo.com.mx\/index.php?rest_route=%2Fwp%2Fv2%2Ftags&post=28350"}],"curies":[{"name":"wp","href":"https:\/\/api.w.org\/{rel}","templated":true}]}}