{"id":28356,"date":"2022-06-13T10:46:47","date_gmt":"2022-06-13T15:46:47","guid":{"rendered":"https:\/\/encuentroinformativo.com.mx\/?p=28356"},"modified":"2022-06-13T15:47:46","modified_gmt":"2022-06-13T20:47:46","slug":"pueblos-originarios-de-veracruz-en-riesgo-ante-probable-redistritacion","status":"publish","type":"post","link":"https:\/\/encuentroinformativo.com.mx\/?p=28356","title":{"rendered":"Pueblos originarios de Veracruz en riesgo ante probable redistritaci\u00f3n"},"content":{"rendered":"\n<p><strong>Alejandro \u00c1vila<\/strong><\/p>\n\n\n\n<p>Veracruz, Ver.- Los pueblos originarios de la Sierra del Totonacapan se encuentran en riesgo ante la probable redistritaci\u00f3n que podr\u00eda hacer el Instituto Nacional Electoral (INE) en el estado de Veracruz, mencion\u00f3 el diputado federal, Carlos Alberto Valenzuela Gonz\u00e1lez.<\/p>\n\n\n\n<p>&#8220;Estamos preocupados los pueblos originarios, porque no queremos perder representaci\u00f3n. Y es probable, que la cabecera de este Distrito que actualmente est\u00e1 en Papantla, la pasen para otro municipio que no tiene tanta representaci\u00f3n ind\u00edgena. Desde ac\u00e1 le digo a mis amigos de Zozocolco, Coxquihui, y de toda la Sierra del Totonacapan, que vamos a solicitar ante el INE, qu\u00e9 se pueda verificar, que se respete est\u00e1 representaci\u00f3n en la cabecera distrital&#8221;, subray\u00f3.<\/p>\n\n\n\n<p>El panista asegur\u00f3 que, desde su curul defender\u00e1 el distrito de Papantla y todos los municipios que conforman los pueblos originarios de la Sierra del Totonacapan.<\/p>\n\n\n\n<p>Valenzuela Gonz\u00e1lez destac\u00f3 que, ha sostenido reuniones con ciudadanos y actores pol\u00edticos, no solo del partido en el que milita, sino de otras instituciones que tambi\u00e9n se encuentran inconformes ante la posible redistritaci\u00f3n y el probable olvid\u00f3 que le den a los pueblos originarios de Veracruz con este cambio.<\/p>\n\n\n\n<p>Es de mencionar que, por mandato constitucional y con base en el Censo de Poblaci\u00f3n y Vivienda del 2020 se public\u00f3 el INEGI, se debe realizar una actualizaci\u00f3n del marco geogr\u00e1fico electoral Federal.<\/p>\n\n\n\n<p>Por lo que se debe dividir el n\u00famero total de ciudadanos de un Estado entre 420 mil, qu\u00e9 es la media nacional, dejando a Veracruz en 19, uno menos de los que ya existen, y seg\u00fan se menciona, se pretende eliminar el distrito de Papantla.<\/p>\n","protected":false},"excerpt":{"rendered":"<p>Alejandro \u00c1vila Veracruz, Ver.- Los pueblos originarios de la Sierra del Totonacapan se encuentran en riesgo ante la probable redistritaci\u00f3n que podr\u00eda hacer el Instituto Nacional Electoral (INE) en el estado de Veracruz, mencion\u00f3 el diputado federal, Carlos Alberto Valenzuela Gonz\u00e1lez. &#8220;Estamos preocupados los pueblos originarios, porque no queremos perder representaci\u00f3n. Y es probable, que [&hellip;]<\/p>\n","protected":false},"author":1,"featured_media":28357,"comment_status":"open","ping_status":"open","sticky":false,"template":"","format":"standard","meta":{"_jetpack_memberships_contains_paid_content":false,"footnotes":""},"categories":[2],"tags":[],"class_list":["post-28356","post","type-post","status-publish","format-standard","has-post-thumbnail","hentry","category-estado"],"jetpack_featured_media_url":"https:\/\/encuentroinformativo.com.mx\/wp-content\/uploads\/2022\/06\/F5AFB404-DD8D-4035-AD51-656D65240C38.jpeg","jetpack_sharing_enabled":true,"jetpack_likes_enabled":true,"amp_enabled":true,"_links":{"self":[{"href":"https:\/\/encuentroinformativo.com.mx\/index.php?rest_route=\/wp\/v2\/posts\/28356","targetHints":{"allow":["GET"]}}],"collection":[{"href":"https:\/\/encuentroinformativo.com.mx\/index.php?rest_route=\/wp\/v2\/posts"}],"about":[{"href":"https:\/\/encuentroinformativo.com.mx\/index.php?rest_route=\/wp\/v2\/types\/post"}],"author":[{"embeddable":true,"href":"https:\/\/encuentroinformativo.com.mx\/index.php?rest_route=\/wp\/v2\/users\/1"}],"replies":[{"embeddable":true,"href":"https:\/\/encuentroinformativo.com.mx\/index.php?rest_route=%2Fwp%2Fv2%2Fcomments&post=28356"}],"version-history":[{"count":1,"href":"https:\/\/encuentroinformativo.com.mx\/index.php?rest_route=\/wp\/v2\/posts\/28356\/revisions"}],"predecessor-version":[{"id":28358,"href":"https:\/\/encuentroinformativo.com.mx\/index.php?rest_route=\/wp\/v2\/posts\/28356\/revisions\/28358"}],"wp:featuredmedia":[{"embeddable":true,"href":"https:\/\/encuentroinformativo.com.mx\/index.php?rest_route=\/wp\/v2\/media\/28357"}],"wp:attachment":[{"href":"https:\/\/encuentroinformativo.com.mx\/index.php?rest_route=%2Fwp%2Fv2%2Fmedia&parent=28356"}],"wp:term":[{"taxonomy":"category","embeddable":true,"href":"https:\/\/encuentroinformativo.com.mx\/index.php?rest_route=%2Fwp%2Fv2%2Fcategories&post=28356"},{"taxonomy":"post_tag","embeddable":true,"href":"https:\/\/encuentroinformativo.com.mx\/index.php?rest_route=%2Fwp%2Fv2%2Ftags&post=28356"}],"curies":[{"name":"wp","href":"https:\/\/api.w.org\/{rel}","templated":true}]}}