{"id":28360,"date":"2022-06-13T15:54:24","date_gmt":"2022-06-13T20:54:24","guid":{"rendered":"https:\/\/encuentroinformativo.com.mx\/?p=28360"},"modified":"2022-06-13T15:54:29","modified_gmt":"2022-06-13T20:54:29","slug":"veracruz-sin-presos-politicos-segun-cuitlahuac","status":"publish","type":"post","link":"https:\/\/encuentroinformativo.com.mx\/?p=28360","title":{"rendered":"Veracruz sin presos pol\u00edticos, seg\u00fan Cuitl\u00e1huac"},"content":{"rendered":"\n<p><strong>Dar\u00edo Pale <\/strong><\/p>\n\n\n\n<p>Xalapa, Ver.- En Veracruz no hay presos pol\u00edticos por lo que rechaz\u00f3 que el alcalde electo de Jes\u00fas Carranza, Pasiano Rueda Canseco, sea un preso pol\u00edtico tal y lo como asegur\u00f3 la dirigencia estatal del Partido del Trabajo, as\u00ed lo dio a conocer el gobernador del estado, Cuitl\u00e1huac Garc\u00eda Jim\u00e9nez.<\/p>\n\n\n\n<p>En conferencia de prensa asegur\u00f3 que contin\u00faa en la c\u00e1rcel porque se le sigue un proceso judicial y que al final ser\u00e1 un juez quien le determine la culpabilidad de lo que se le acusa.<\/p>\n\n\n\n<p>&#8220;Est\u00e1 en ese proceso, lo que si es que ya se le pidi\u00f3 informaci\u00f3n a la Fiscal\u00eda General del Estado, para que nos diera una tarjeta del estado en que se encuentra&#8221;, se\u00f1al\u00f3.<\/p>\n\n\n\n<p>\u201cNosotros no tenemos presos pol\u00edticos en Veracruz. Hay una autoridad electoral que es la que se\u00f1ala la quema de urnas y hay gente agredida, nosotros no tenemos que ver en ese asunto\u201d, agreg\u00f3.<\/p>\n\n\n\n<p>Finamente cabe recordar que este pasado fin de semana en la gira del presidente Andr\u00e9s Manuel L\u00f3pez Obrador, habitantes del municipio Jes\u00fas Carranza, en Veracruz, le pidieron su intervenci\u00f3n para que el alcalde electo Pasiano Rueda Canseco, detenido por supuestos agravios a la autoridad desde octubre de 2021, sea puesto en libertad.<\/p>\n","protected":false},"excerpt":{"rendered":"<p>Dar\u00edo Pale Xalapa, Ver.- En Veracruz no hay presos pol\u00edticos por lo que rechaz\u00f3 que el alcalde electo de Jes\u00fas Carranza, Pasiano Rueda Canseco, sea un preso pol\u00edtico tal y lo como asegur\u00f3 la dirigencia estatal del Partido del Trabajo, as\u00ed lo dio a conocer el gobernador del estado, Cuitl\u00e1huac Garc\u00eda Jim\u00e9nez. En conferencia de [&hellip;]<\/p>\n","protected":false},"author":1,"featured_media":28361,"comment_status":"open","ping_status":"open","sticky":false,"template":"","format":"standard","meta":{"_jetpack_memberships_contains_paid_content":false,"footnotes":""},"categories":[2],"tags":[],"class_list":["post-28360","post","type-post","status-publish","format-standard","has-post-thumbnail","hentry","category-estado"],"jetpack_featured_media_url":"https:\/\/encuentroinformativo.com.mx\/wp-content\/uploads\/2022\/06\/787BAD6F-68F8-46DC-9DDC-DCD195B8F66E.jpeg","jetpack_sharing_enabled":true,"jetpack_likes_enabled":true,"amp_enabled":true,"_links":{"self":[{"href":"https:\/\/encuentroinformativo.com.mx\/index.php?rest_route=\/wp\/v2\/posts\/28360","targetHints":{"allow":["GET"]}}],"collection":[{"href":"https:\/\/encuentroinformativo.com.mx\/index.php?rest_route=\/wp\/v2\/posts"}],"about":[{"href":"https:\/\/encuentroinformativo.com.mx\/index.php?rest_route=\/wp\/v2\/types\/post"}],"author":[{"embeddable":true,"href":"https:\/\/encuentroinformativo.com.mx\/index.php?rest_route=\/wp\/v2\/users\/1"}],"replies":[{"embeddable":true,"href":"https:\/\/encuentroinformativo.com.mx\/index.php?rest_route=%2Fwp%2Fv2%2Fcomments&post=28360"}],"version-history":[{"count":1,"href":"https:\/\/encuentroinformativo.com.mx\/index.php?rest_route=\/wp\/v2\/posts\/28360\/revisions"}],"predecessor-version":[{"id":28362,"href":"https:\/\/encuentroinformativo.com.mx\/index.php?rest_route=\/wp\/v2\/posts\/28360\/revisions\/28362"}],"wp:featuredmedia":[{"embeddable":true,"href":"https:\/\/encuentroinformativo.com.mx\/index.php?rest_route=\/wp\/v2\/media\/28361"}],"wp:attachment":[{"href":"https:\/\/encuentroinformativo.com.mx\/index.php?rest_route=%2Fwp%2Fv2%2Fmedia&parent=28360"}],"wp:term":[{"taxonomy":"category","embeddable":true,"href":"https:\/\/encuentroinformativo.com.mx\/index.php?rest_route=%2Fwp%2Fv2%2Fcategories&post=28360"},{"taxonomy":"post_tag","embeddable":true,"href":"https:\/\/encuentroinformativo.com.mx\/index.php?rest_route=%2Fwp%2Fv2%2Ftags&post=28360"}],"curies":[{"name":"wp","href":"https:\/\/api.w.org\/{rel}","templated":true}]}}