{"id":28363,"date":"2022-06-13T19:41:57","date_gmt":"2022-06-14T00:41:57","guid":{"rendered":"https:\/\/encuentroinformativo.com.mx\/?p=28363"},"modified":"2022-06-13T19:42:00","modified_gmt":"2022-06-14T00:42:00","slug":"presentan-en-el-congreso-el-libro-la-delgada-linea-de-julio-mendez","status":"publish","type":"post","link":"https:\/\/encuentroinformativo.com.mx\/?p=28363","title":{"rendered":"Presentan en el Congreso el libro La Delgada L\u00ednea, de Julio M\u00e9ndez"},"content":{"rendered":"\n<p><strong>*Una obra que integra experiencias del autor a lo largo de m\u00e1s de 30 a\u00f1os de ejercer profesionalmente el arte de la fotograf\u00eda.<\/strong><\/p>\n\n\n\n<p>Xalapa, Ver.- En el auditorio Sebasti\u00e1n Lerdo de Tejada del Palacio Legislativo se celebr\u00f3 la presentaci\u00f3n del libro La Delgada L\u00ednea, obra del fotoperiodista Julio M\u00e9ndez Vallejo, en la que relata algunas de sus experiencias en m\u00e1s de 30 a\u00f1os de ejercer profesionalmente el arte de la fotograf\u00eda.<\/p>\n\n\n\n<p>El panel de invitados de honor para comentar la obra estuvo integrado por el acad\u00e9mico Omar Pi\u00f1a, el antrop\u00f3logo Arturo Benjam\u00edn P\u00e9rez, el editor Alberto Calder\u00f3n y el pol\u00edtico H\u00e9ctor Yunes Landa; la moderaci\u00f3n la realiz\u00f3 la comunicadora Yamiri Rodr\u00edguez Madrid.<\/p>\n\n\n\n<p>Adem\u00e1s de familiares y amigos del escritor, tambi\u00e9n asistieron invitados el diputado Jos\u00e9 Luis Tehuintle Xocua; el secretario general del Sindicato \u00danico de Trabajadores al Servicio del Poder Legislativo (SUTSPL), Jos\u00e9 de Jes\u00fas Rodr\u00edguez Hern\u00e1ndez; los exdiputados Wenceslao Gonz\u00e1lez Mart\u00ednez, Jos\u00e9 Luis Enr\u00edquez Ambell y Manuel Bernal Rivera; representantes de medios de comunicaci\u00f3n, columnistas, fot\u00f3grafos y periodistas.<\/p>\n\n\n\n<p>Julio M\u00e9ndez Vallejo naci\u00f3 en Xalapa, Veracruz, el 7 de marzo de 1977. Es licenciado en Comunicaci\u00f3n, con diplomado en Producci\u00f3n Audiovisual; Herramienta Acad\u00e9mica y Creativa y actualmente en Ciencias Pol\u00edticas.<\/p>\n\n\n\n<p>Participante en diversos talleres, ha destacado principalmente en el Taller Internacional de Fotoperiodismo, impartido por el Instituto Internacional de Periodismo \u201cJos\u00e9 Mart\u00ed\u201d en la Habana, Cuba.<\/p>\n\n\n\n<p>Tambi\u00e9n ha sido reportero gr\u00e1fico durante 30 a\u00f1os en diferentes medios de comunicaci\u00f3n como Diario de Xalapa, Milenio, La Jornada, Esto y Sol Veracruzano, as\u00ed como en las p\u00e1ginas electr\u00f3nicas AVC Noticias, Foto Jarocha Fotover y Plata Negra, entre otras.<\/p>\n\n\n\n<p>Autor de la columna La L\u00ednea Delgada entre mi Opini\u00f3n y la Tuya, Julio M\u00e9ndez Vallejo la sido colaborador con diversas autoridades dentro del Congreso del Estado de Veracruz.<\/p>\n","protected":false},"excerpt":{"rendered":"<p>*Una obra que integra experiencias del autor a lo largo de m\u00e1s de 30 a\u00f1os de ejercer profesionalmente el arte de la fotograf\u00eda. Xalapa, Ver.- En el auditorio Sebasti\u00e1n Lerdo de Tejada del Palacio Legislativo se celebr\u00f3 la presentaci\u00f3n del libro La Delgada L\u00ednea, obra del fotoperiodista Julio M\u00e9ndez Vallejo, en la que relata algunas [&hellip;]<\/p>\n","protected":false},"author":1,"featured_media":28364,"comment_status":"open","ping_status":"open","sticky":false,"template":"","format":"standard","meta":{"_jetpack_memberships_contains_paid_content":false,"footnotes":""},"categories":[2],"tags":[],"class_list":["post-28363","post","type-post","status-publish","format-standard","has-post-thumbnail","hentry","category-estado"],"jetpack_featured_media_url":"https:\/\/encuentroinformativo.com.mx\/wp-content\/uploads\/2022\/06\/00426629-0269-4E90-865C-38FE8E14A2BC.jpeg","jetpack_sharing_enabled":true,"jetpack_likes_enabled":true,"amp_enabled":true,"_links":{"self":[{"href":"https:\/\/encuentroinformativo.com.mx\/index.php?rest_route=\/wp\/v2\/posts\/28363","targetHints":{"allow":["GET"]}}],"collection":[{"href":"https:\/\/encuentroinformativo.com.mx\/index.php?rest_route=\/wp\/v2\/posts"}],"about":[{"href":"https:\/\/encuentroinformativo.com.mx\/index.php?rest_route=\/wp\/v2\/types\/post"}],"author":[{"embeddable":true,"href":"https:\/\/encuentroinformativo.com.mx\/index.php?rest_route=\/wp\/v2\/users\/1"}],"replies":[{"embeddable":true,"href":"https:\/\/encuentroinformativo.com.mx\/index.php?rest_route=%2Fwp%2Fv2%2Fcomments&post=28363"}],"version-history":[{"count":1,"href":"https:\/\/encuentroinformativo.com.mx\/index.php?rest_route=\/wp\/v2\/posts\/28363\/revisions"}],"predecessor-version":[{"id":28365,"href":"https:\/\/encuentroinformativo.com.mx\/index.php?rest_route=\/wp\/v2\/posts\/28363\/revisions\/28365"}],"wp:featuredmedia":[{"embeddable":true,"href":"https:\/\/encuentroinformativo.com.mx\/index.php?rest_route=\/wp\/v2\/media\/28364"}],"wp:attachment":[{"href":"https:\/\/encuentroinformativo.com.mx\/index.php?rest_route=%2Fwp%2Fv2%2Fmedia&parent=28363"}],"wp:term":[{"taxonomy":"category","embeddable":true,"href":"https:\/\/encuentroinformativo.com.mx\/index.php?rest_route=%2Fwp%2Fv2%2Fcategories&post=28363"},{"taxonomy":"post_tag","embeddable":true,"href":"https:\/\/encuentroinformativo.com.mx\/index.php?rest_route=%2Fwp%2Fv2%2Ftags&post=28363"}],"curies":[{"name":"wp","href":"https:\/\/api.w.org\/{rel}","templated":true}]}}