{"id":28366,"date":"2022-06-13T20:55:35","date_gmt":"2022-06-14T01:55:35","guid":{"rendered":"https:\/\/encuentroinformativo.com.mx\/?p=28366"},"modified":"2022-06-13T20:55:38","modified_gmt":"2022-06-14T01:55:38","slug":"vuelven-carnaval-y-festival-de-la-nieve-de-coco-en-lerdo-de-tejada","status":"publish","type":"post","link":"https:\/\/encuentroinformativo.com.mx\/?p=28366","title":{"rendered":"Vuelven Carnaval y Festival de la Nieve de Coco en Lerdo de Tejada"},"content":{"rendered":"\n<p><strong>Alejandro \u00c1vila<\/strong><\/p>\n\n\n\n<p>Veracruz, Ver.- Tras algunos a\u00f1os de ausencia debido a la pandemia, fue presentado este lunes en Veracruz puerto el regreso del Carnaval y el Festival de la Nieve de Coco del municipio de Lerdo de Tejada, el cual se llevar\u00e1 a cabo del 29 de julio al 7 de agosto.<\/p>\n\n\n\n<p>Debido a la importancia de impulsar la reactivaci\u00f3n econ\u00f3mica en la zona, se fusionaron tanto el Carnaval como el Festival de la Nieve de Coco, inform\u00f3 la alcaldesa Mar\u00eda Esther Arr\u00f3niz L\u00f3pez.<\/p>\n\n\n\n<p>\u201cRegresa el Carnaval de Lerdo 2022, una de las fiestas m\u00e1s esperadas, vuelve de manera presencial despu\u00e9s de dos a\u00f1os de ausencia y se unifica con la tradicional fiesta de la Nieve de Coco (\u2026) Ser\u00e1n dos fiestas en una, pero con un cartel de artistas de nivel internacional\u201d, coment\u00f3 la alcaldesa Mar\u00eda Esther Arr\u00f3niz L\u00f3pez.<\/p>\n\n\n\n<p>La edici\u00f3n de este a\u00f1o del Carnaval de la Nieve de Coco ser\u00e1 del 29 de julio al 7 de agosto. Habr\u00e1 paseos, carros aleg\u00f3ricos, coronaciones de reyes, eventos art\u00edsticos y la exposici\u00f3n de neveros.<\/p>\n\n\n\n<p>Cabe se\u00f1alar que en marzo se realizan las fiestas patronales en honor a San Jos\u00e9, en donde se realizan algunos eventos al estilo Carnaval como coronaciones, desfiles de carros aleg\u00f3ricos y comparsas.&nbsp;<\/p>\n\n\n\n<p>Debido a que por recomendaci\u00f3n de la Secretar\u00eda de Salud de Veracruz, a\u00fan no se pod\u00edan tener eventos masivos al cien por ciento, se decidi\u00f3 recorrer esos festejos y unificarlos con el Festival de la Nieve de Coco, que originalmente solo constan de un d\u00eda, para hacer una fiesta m\u00e1s nutrida<\/p>\n\n\n\n<p>Entre los artistas que estar\u00e1n en el Carnaval de la Nieve de Coco son: Ivonne Montero, Sonora Santanera, Axe Bah\u00eda, Jonathan Becerra, Nativo Show, Vanessa Oyarz\u00fan \u201cLa Vecina\u201d, Payaso Pipir\u00edn, Nelson Kanzela y el espect\u00e1culo transformista de La Casa de las Flores, entre muchos otros.<\/p>\n\n\n\n<p>La funcionaria municipal estuvo acompa\u00f1ada de la Corte Real del Carnaval y record\u00f3 que, los festejos dar\u00e1n inicio con las tradicionales Mojigangas, iconos de la zona; adem\u00e1s, en esta ocasi\u00f3n, por primera vez, har\u00e1n Quema del Mal Humor.<\/p>\n\n\n\n<p>En esta edici\u00f3n habr\u00e1 dos desfiles de Carnaval uno el s\u00e1bado 6 de agosto y otro el domingo 7 de agosto a las 7:00 de la noche.<\/p>\n\n\n\n<p>El Festival de la Nieve de Coco ser\u00e1 el 5 de agosto con un desfile de neveros a las 5:00 de la tarde y despu\u00e9s ser\u00e1 la degustaci\u00f3n.<\/p>\n","protected":false},"excerpt":{"rendered":"<p>Alejandro \u00c1vila Veracruz, Ver.- Tras algunos a\u00f1os de ausencia debido a la pandemia, fue presentado este lunes en Veracruz puerto el regreso del Carnaval y el Festival de la Nieve de Coco del municipio de Lerdo de Tejada, el cual se llevar\u00e1 a cabo del 29 de julio al 7 de agosto. Debido a la [&hellip;]<\/p>\n","protected":false},"author":1,"featured_media":28367,"comment_status":"open","ping_status":"open","sticky":false,"template":"","format":"standard","meta":{"_jetpack_memberships_contains_paid_content":false,"footnotes":""},"categories":[2],"tags":[],"class_list":["post-28366","post","type-post","status-publish","format-standard","has-post-thumbnail","hentry","category-estado"],"jetpack_featured_media_url":"https:\/\/encuentroinformativo.com.mx\/wp-content\/uploads\/2022\/06\/E4DCE811-E398-421A-B84D-BC3B5BEB33E9.jpeg","jetpack_sharing_enabled":true,"jetpack_likes_enabled":true,"amp_enabled":true,"_links":{"self":[{"href":"https:\/\/encuentroinformativo.com.mx\/index.php?rest_route=\/wp\/v2\/posts\/28366","targetHints":{"allow":["GET"]}}],"collection":[{"href":"https:\/\/encuentroinformativo.com.mx\/index.php?rest_route=\/wp\/v2\/posts"}],"about":[{"href":"https:\/\/encuentroinformativo.com.mx\/index.php?rest_route=\/wp\/v2\/types\/post"}],"author":[{"embeddable":true,"href":"https:\/\/encuentroinformativo.com.mx\/index.php?rest_route=\/wp\/v2\/users\/1"}],"replies":[{"embeddable":true,"href":"https:\/\/encuentroinformativo.com.mx\/index.php?rest_route=%2Fwp%2Fv2%2Fcomments&post=28366"}],"version-history":[{"count":1,"href":"https:\/\/encuentroinformativo.com.mx\/index.php?rest_route=\/wp\/v2\/posts\/28366\/revisions"}],"predecessor-version":[{"id":28368,"href":"https:\/\/encuentroinformativo.com.mx\/index.php?rest_route=\/wp\/v2\/posts\/28366\/revisions\/28368"}],"wp:featuredmedia":[{"embeddable":true,"href":"https:\/\/encuentroinformativo.com.mx\/index.php?rest_route=\/wp\/v2\/media\/28367"}],"wp:attachment":[{"href":"https:\/\/encuentroinformativo.com.mx\/index.php?rest_route=%2Fwp%2Fv2%2Fmedia&parent=28366"}],"wp:term":[{"taxonomy":"category","embeddable":true,"href":"https:\/\/encuentroinformativo.com.mx\/index.php?rest_route=%2Fwp%2Fv2%2Fcategories&post=28366"},{"taxonomy":"post_tag","embeddable":true,"href":"https:\/\/encuentroinformativo.com.mx\/index.php?rest_route=%2Fwp%2Fv2%2Ftags&post=28366"}],"curies":[{"name":"wp","href":"https:\/\/api.w.org\/{rel}","templated":true}]}}