{"id":2837,"date":"2020-05-26T21:46:41","date_gmt":"2020-05-27T02:46:41","guid":{"rendered":"https:\/\/encuentroinformativo.com\/?p=2837"},"modified":"2020-05-26T21:46:44","modified_gmt":"2020-05-27T02:46:44","slug":"decreta-gobierno-medidas-sanitarias-para-zonas-de-mayor-contagio","status":"publish","type":"post","link":"https:\/\/encuentroinformativo.com.mx\/?p=2837","title":{"rendered":"Decreta Gobierno medidas sanitarias para zonas de mayor contagio"},"content":{"rendered":"\n<p>Xalapa, Ver.- Este martes, el Gobierno del Estado public\u00f3 el Decreto por el que se determinan medidas temporales de inmediata aplicaci\u00f3n para reducir la aglomeraci\u00f3n y movilidad del 27 al 31 de mayo de 2020, derivado de la emergencia sanitaria generada por el virus SARS-CoV2 (COVID-19) en la entidad.<\/p>\n\n\n\n<p>En dicho documento se establece que los municipios de Alvarado, Amatl\u00e1n, Banderilla, Boca del R\u00edo, Coatepec, Coatzacoalcos, Coatzintla, C\u00f3rdoba, Cosoleacaque, Fort\u00edn, Emiliano Zapata, Ixtaczoquitl\u00e1n, La Antigua, Medell\u00edn, Minatitl\u00e1n, Nanchital, Orizaba, Papantla, Poza Rica, Tihuatl\u00e1n, Tuxpan, Xalapa y Veracruz deber\u00e1n acatar estas disposiciones, por ser los puntos de mayor crecimiento en contagios de coronavirus.<\/p>\n\n\n\n<p>Asimismo, aplicar\u00e1n filtros sanitarios, revisi\u00f3n de comercios (a fin de que aquellos no sustanciales se mantengan cerrados y los permitidos operen con las medidas estrictas sanitarias), cierre parcial del centro, restringir n\u00famero de pasajeros por viaje en autobuses del transporte p\u00fablico, modalidad de taxis, as\u00ed como particulares.<\/p>\n\n\n\n<p>En este sentido, se destaca que las calles a cerrar sean aquellas que conducen al centro de las siguientes ciudades: Boca del R\u00edo, Coatzacoalcos, C\u00f3rdoba, Poza Rica, Orizaba, Tuxpan de Rodr\u00edguez Cano, Xalapa y Veracruz.<\/p>\n\n\n\n<p>Las restricciones ser\u00e1n acompa\u00f1adas por las autoridades competentes, Tr\u00e1nsito, Polic\u00eda y Protecci\u00f3n Civil estatales y municipales, con el apoyo de las fuerzas coordinadas, en horario de 07:00 a 18:00 horas; exhort\u00e1ndolas a que den seguimiento y cumplimiento al Decreto, durante los \u00faltimos 5 d\u00edas de la Jornada Nacional de Sana Distancia.<br><\/p>\n\n\n\n<figure class=\"wp-block-gallery columns-0 is-cropped wp-block-gallery-1 is-layout-flex wp-block-gallery-is-layout-flex\"><ul class=\"blocks-gallery-grid\"><\/ul><\/figure>\n","protected":false},"excerpt":{"rendered":"<p>Xalapa, Ver.- Este martes, el Gobierno del Estado public\u00f3 el Decreto por el que se determinan medidas temporales de inmediata aplicaci\u00f3n para reducir la aglomeraci\u00f3n y movilidad del 27 al 31 de mayo de 2020, derivado de la emergencia sanitaria generada por el virus SARS-CoV2 (COVID-19) en la entidad. En dicho documento se establece que [&hellip;]<\/p>\n","protected":false},"author":1,"featured_media":2838,"comment_status":"open","ping_status":"open","sticky":false,"template":"","format":"standard","meta":{"_jetpack_memberships_contains_paid_content":false,"footnotes":""},"categories":[2],"tags":[],"class_list":["post-2837","post","type-post","status-publish","format-standard","has-post-thumbnail","hentry","category-estado"],"jetpack_featured_media_url":"https:\/\/encuentroinformativo.com.mx\/wp-content\/uploads\/2020\/05\/3732E6C1-49EB-498E-B481-C7D9B976A178.jpeg","jetpack_sharing_enabled":true,"jetpack_likes_enabled":true,"amp_enabled":true,"_links":{"self":[{"href":"https:\/\/encuentroinformativo.com.mx\/index.php?rest_route=\/wp\/v2\/posts\/2837","targetHints":{"allow":["GET"]}}],"collection":[{"href":"https:\/\/encuentroinformativo.com.mx\/index.php?rest_route=\/wp\/v2\/posts"}],"about":[{"href":"https:\/\/encuentroinformativo.com.mx\/index.php?rest_route=\/wp\/v2\/types\/post"}],"author":[{"embeddable":true,"href":"https:\/\/encuentroinformativo.com.mx\/index.php?rest_route=\/wp\/v2\/users\/1"}],"replies":[{"embeddable":true,"href":"https:\/\/encuentroinformativo.com.mx\/index.php?rest_route=%2Fwp%2Fv2%2Fcomments&post=2837"}],"version-history":[{"count":1,"href":"https:\/\/encuentroinformativo.com.mx\/index.php?rest_route=\/wp\/v2\/posts\/2837\/revisions"}],"predecessor-version":[{"id":2839,"href":"https:\/\/encuentroinformativo.com.mx\/index.php?rest_route=\/wp\/v2\/posts\/2837\/revisions\/2839"}],"wp:featuredmedia":[{"embeddable":true,"href":"https:\/\/encuentroinformativo.com.mx\/index.php?rest_route=\/wp\/v2\/media\/2838"}],"wp:attachment":[{"href":"https:\/\/encuentroinformativo.com.mx\/index.php?rest_route=%2Fwp%2Fv2%2Fmedia&parent=2837"}],"wp:term":[{"taxonomy":"category","embeddable":true,"href":"https:\/\/encuentroinformativo.com.mx\/index.php?rest_route=%2Fwp%2Fv2%2Fcategories&post=2837"},{"taxonomy":"post_tag","embeddable":true,"href":"https:\/\/encuentroinformativo.com.mx\/index.php?rest_route=%2Fwp%2Fv2%2Ftags&post=2837"}],"curies":[{"name":"wp","href":"https:\/\/api.w.org\/{rel}","templated":true}]}}