{"id":28373,"date":"2022-06-14T09:27:58","date_gmt":"2022-06-14T14:27:58","guid":{"rendered":"https:\/\/encuentroinformativo.com.mx\/?p=28373"},"modified":"2022-06-14T09:28:02","modified_gmt":"2022-06-14T14:28:02","slug":"ivan-y-el-festival-del-albur","status":"publish","type":"post","link":"https:\/\/encuentroinformativo.com.mx\/?p=28373","title":{"rendered":"Iv\u00e1n y el Festival del Albur"},"content":{"rendered":"\n<p><strong>Los Pol\u00edticos<\/strong><\/p>\n\n\n\n<p><strong>Salvador Mu\u00f1oz<\/strong><\/p>\n\n\n\n<p>Hace unos d\u00edas, el secretario de Turismo en Veracruz, estuvo por la Ciudad de M\u00e9xico en actividad de promoci\u00f3n con m\u00e1s de 80 agencias de viajes de la Megal\u00f3polis. La idea, continuar posicionando varios sitios de Veracruz en la agenda del turismo nacional. Algunos de estos puntos son la regi\u00f3n \u201cPrimeros Pasos de Cort\u00e9s\u201d considerado entre los mejores atractivos tur\u00edsticos para los mayoristas y visitantes, aunque ac\u00e1 entre nos, cuenta Iv\u00e1n Mart\u00ednez que en la delegaci\u00f3n Coyoac\u00e1n, dentro del Encuentro Jarocho 2022, se present\u00f3 una Expo Gastron\u00f3mica-Artesanal, donde los comensales estaban maravillados por dos motivos: los platillos que tuvieron a bien degustar, y el folclore en el lenguaje de los veracruzanos all\u00ed presentes con el cl\u00e1sico \u201c\u00a1chingada madre!\u201d, \u201c\u00a1Oye t\u00fa, cabr\u00f3n!\u201d y por ah\u00ed, alguna que otra mentada, salpicadas con el tradicional acento, fuera jarocho, cuenque\u00f1o o sure\u00f1o\u2026<\/p>\n\n\n\n<p>Quiz\u00e1s de ah\u00ed es que le ronda en la cabeza al secretario de Turismo hacer un Festival \u00a1del Albur! Y por supuesto, el reportero no perdi\u00f3 la oportunidad de entrevistarlo\u2026 *<\/p>\n\n\n\n<p>Reportero\u2013\u00bfUn Festival del Albur en Veracruz?<\/p>\n\n\n\n<p><strong>Secre de Turismo\u2013\u00a1Te llevas la de 8!<\/strong><\/p>\n\n\n\n<p>R\u2013\u00bfColumnas, verdad?<\/p>\n\n\n\n<p><strong>ST\u2013\u00a1Tambi\u00e9n en pulgadas! \u00a1Como quieras!<\/strong><\/p>\n\n\n\n<p>R\u2013\u00bfMe est\u00e1s albureando?<\/p>\n\n\n\n<p><strong>ST\u2013\u00a1Para nada! \u00a1Estoy ensayando!<\/strong><\/p>\n\n\n\n<p>R\u2013Pens\u00e9 que me quer\u00edas agarrar de bajada\u2026<\/p>\n\n\n\n<p><strong>ST\u2013\u00a1En Pino Su\u00e1rez!<\/strong><\/p>\n\n\n\n<p>R\u2013\u00a1Ya ves! \u00a1Ya ves!<\/p>\n\n\n\n<p><strong>ST\u2013No, te digo que en el Metro de Pino Su\u00e1rez se me ocurri\u00f3 la idea del Festival\u2026<\/strong><\/p>\n\n\n\n<p>R\u2013\u00bfY en d\u00f3nde la sede?<\/p>\n\n\n\n<p><strong>ST\u2013\u00bfAhora t\u00fa me est\u00e1s albureando?<\/strong><\/p>\n\n\n\n<p>R\u2013No, te pregunto que d\u00f3nde ser\u00eda el Festival\u2026<\/p>\n\n\n\n<p><strong>ST\u2013Pens\u00e1bamos en Alvarado, aunque no estar\u00eda mal Chacaltianguis\u2026<\/strong><\/p>\n\n\n\n<p>R\u2013\u00bfQu\u00e9 tal eres?<\/p>\n\n\n\n<p><strong>ST\u2013\u00a1Tu marido y no me quieres!<\/strong><\/p>\n\n\n\n<p>R\u2013\u00a1Qu\u00e9 pas\u00f3, qu\u00e9 pas\u00f3! \u00bfOtra vez ensayando?<\/p>\n\n\n\n<p><strong>ST\u2013Pues es que t\u00fa te pones de pechito\u2026<\/strong><\/p>\n\n\n\n<p>R\u2013Dame raz\u00f3n de la pregunta que te hice\u2026<\/p>\n\n\n\n<p><strong>ST\u2013Te voy a dar, xalape\u00f1o, lo que quieres escuchar\u2026 no va a ser ni Alvarado ni Chacaltianguis\u2026<\/strong><\/p>\n\n\n\n<p>R\u2013\u00bfY por qu\u00e9 Chacaltianguis estaba en la lista?<\/p>\n\n\n\n<p><strong>ST\u2013\u00a1Ah, porque los albures se dan m\u00e1s entre personas del mismo sexo y en Chacaltianguis los hombres\u2026<\/strong><\/p>\n\n\n\n<p>R\u2013\u00a1Ya entend\u00ed! \u00a1Ya entend\u00ed! \u00bfEntonces d\u00f3nde?<\/p>\n\n\n\n<p><strong>ST\u2013Pues si quieres, ac\u00e1 atrasito te digo\u2026<\/strong><\/p>\n\n\n\n<p>R\u2013\u00bfEnsayando?<\/p>\n\n\n\n<p><strong>ST\u2013\u00a1Ensillando!<\/strong><\/p>\n\n\n\n<p>R\u2013\u00a1Ya! En serio\u2026<\/p>\n\n\n\n<p><strong>ST\u2013Est\u00e1 bien, est\u00e1 bien\u2026 no aguantas nada\u2026 \u00a1va a ser en Xalapa! Te lo dije pero no me agarraste lo del xalape\u00f1o\u2026 Adem\u00e1s, habr\u00e1 \u201cstands\u201d de comida porque no habr\u00e1 sillas en este evento\u2026<\/strong><\/p>\n\n\n\n<p>R\u2013\u00bfPor qu\u00e9 no?<\/p>\n\n\n\n<p><strong>ST\u2013\u00a1Para que comas parado!<\/strong><\/p>\n\n\n\n<p>R\u2013\u00bfEst\u00e1s ensayando, verdad?<\/p>\n\n\n\n<p><strong>ST\u2013\u00a1Es en serio! \u00a1A ti todo se te va en albures! Adem\u00e1s, \u00a1estar\u00e1 abierto a todas las edades!<\/strong><\/p>\n\n\n\n<p>R\u2013\u00bfParticipar\u00e1n chiquitos?<\/p>\n\n\n\n<p><strong>ST\u2013\u00a1Dame confianza!<\/strong><\/p>\n\n\n\n<p>R\u2013\u00bfParticipar\u00e1n grandes?<\/p>\n\n\n\n<p><strong>ST\u2013\u00a1Hasta tu pap\u00e1 ya puede pasar a inscribirse! Y disculpa, me tengo que retirar\u2026<\/strong><\/p>\n\n\n\n<p>R\u2013Espera, no te vayas por favor\u2026 Una \u00faltima pregunta\u2026 no te vayas\u2026<\/p>\n\n\n\n<p><strong>ST\u2013Imag\u00ednate que si as\u00ed sientes feo cuando me voy\u2026 \u00bfahora cuando me venga?<\/strong><\/p>\n\n\n\n<p>R\u2013\u00a1Ya! \u00a1S\u00e1came de una duda!<\/p>\n\n\n\n<p><strong>ST\u2013Habr\u00e1 frijolitos, calabacita en dulce y otros postres\u2026<\/strong><\/p>\n\n\n\n<p>R\u2013\u00c9sa no es mi duda\u2026 quer\u00eda saber qui\u00e9nes van a participar en este Festival del Albur\u2026<\/p>\n\n\n\n<p><strong>ST\u2013Anote\u2026<\/strong><\/p>\n\n\n\n<p>R\u2013\u00bfC\u00f3mo?<\/p>\n\n\n\n<p><strong>ST\u2013\u00a1No me ande albureando! Todav\u00eda de que le hablo de usted\u2026 \u00a1apunta los nombres!: Benito Camelo, Elma Canon Prieto, Virginia del Hoyo, Alma Marla Rico, Rosa Melcacho, Paco Gerte, Pamela Rosas, Evita Dolores de Hoyo, Aquiles Vaesta y las figuras internacionales Ponchov Elanov, Piccola Donna y Mohammed Labara, entre otros\u2026<\/strong><\/p>\n\n\n\n<p>R\u2013\u00a1Va a estar bueno!&nbsp;<\/p>\n\n\n\n<p><strong>ST\u2013 \u00a1Claro! Te llevas la Principal, la de 8 columnas, a ver si me das cr\u00e9dito\u2026<\/strong><\/p>\n\n\n\n<p>S\u00ed, todav\u00eda al final, me albure\u00f3\u2026<\/p>\n\n\n\n<p>* La idea de un Festival del Albur se la propuso el caricaturista Tlacuilo a Iv\u00e1n Mart\u00ednez Olvera, despu\u00e9s de que \u00e9ste nos contara la an\u00e9cdota de que los chilangos ve\u00edan con gracia c\u00f3mo hablaban nuestros paisanos en la Expo Gastron\u00f3mica-Artesanal del Encuentro Jarocho 2022.<\/p>\n","protected":false},"excerpt":{"rendered":"<p>Los Pol\u00edticos Salvador Mu\u00f1oz Hace unos d\u00edas, el secretario de Turismo en Veracruz, estuvo por la Ciudad de M\u00e9xico en actividad de promoci\u00f3n con m\u00e1s de 80 agencias de viajes de la Megal\u00f3polis. La idea, continuar posicionando varios sitios de Veracruz en la agenda del turismo nacional. Algunos de estos puntos son la regi\u00f3n \u201cPrimeros [&hellip;]<\/p>\n","protected":false},"author":1,"featured_media":387,"comment_status":"open","ping_status":"open","sticky":false,"template":"","format":"standard","meta":{"_jetpack_memberships_contains_paid_content":false,"footnotes":""},"categories":[11],"tags":[],"class_list":["post-28373","post","type-post","status-publish","format-standard","has-post-thumbnail","hentry","category-opinion"],"jetpack_featured_media_url":"https:\/\/encuentroinformativo.com.mx\/wp-content\/uploads\/2020\/03\/7CF8A22B-2764-47BE-8F7F-38FE9E5D6A2F.jpeg","jetpack_sharing_enabled":true,"jetpack_likes_enabled":true,"amp_enabled":true,"_links":{"self":[{"href":"https:\/\/encuentroinformativo.com.mx\/index.php?rest_route=\/wp\/v2\/posts\/28373","targetHints":{"allow":["GET"]}}],"collection":[{"href":"https:\/\/encuentroinformativo.com.mx\/index.php?rest_route=\/wp\/v2\/posts"}],"about":[{"href":"https:\/\/encuentroinformativo.com.mx\/index.php?rest_route=\/wp\/v2\/types\/post"}],"author":[{"embeddable":true,"href":"https:\/\/encuentroinformativo.com.mx\/index.php?rest_route=\/wp\/v2\/users\/1"}],"replies":[{"embeddable":true,"href":"https:\/\/encuentroinformativo.com.mx\/index.php?rest_route=%2Fwp%2Fv2%2Fcomments&post=28373"}],"version-history":[{"count":1,"href":"https:\/\/encuentroinformativo.com.mx\/index.php?rest_route=\/wp\/v2\/posts\/28373\/revisions"}],"predecessor-version":[{"id":28374,"href":"https:\/\/encuentroinformativo.com.mx\/index.php?rest_route=\/wp\/v2\/posts\/28373\/revisions\/28374"}],"wp:featuredmedia":[{"embeddable":true,"href":"https:\/\/encuentroinformativo.com.mx\/index.php?rest_route=\/wp\/v2\/media\/387"}],"wp:attachment":[{"href":"https:\/\/encuentroinformativo.com.mx\/index.php?rest_route=%2Fwp%2Fv2%2Fmedia&parent=28373"}],"wp:term":[{"taxonomy":"category","embeddable":true,"href":"https:\/\/encuentroinformativo.com.mx\/index.php?rest_route=%2Fwp%2Fv2%2Fcategories&post=28373"},{"taxonomy":"post_tag","embeddable":true,"href":"https:\/\/encuentroinformativo.com.mx\/index.php?rest_route=%2Fwp%2Fv2%2Ftags&post=28373"}],"curies":[{"name":"wp","href":"https:\/\/api.w.org\/{rel}","templated":true}]}}