{"id":28378,"date":"2022-06-14T13:11:29","date_gmt":"2022-06-14T18:11:29","guid":{"rendered":"https:\/\/encuentroinformativo.com.mx\/?p=28378"},"modified":"2022-06-14T13:11:33","modified_gmt":"2022-06-14T18:11:33","slug":"cafetaleros-reclaman-beneficios-para-pequenos-productores","status":"publish","type":"post","link":"https:\/\/encuentroinformativo.com.mx\/?p=28378","title":{"rendered":"Cafetaleros reclaman beneficios para peque\u00f1os productores"},"content":{"rendered":"\n<p><strong>Juan Arcos <\/strong><\/p>\n\n\n\n<p>Xalapa, Ver.- Un grupo de cafetaleros protest\u00f3 nuevamente frente a Palacio de Gobierno para exigir pol\u00edticas que beneficien a los peque\u00f1os productores y no a las empresas transnacionales.<\/p>\n\n\n\n<p>Los campesinos recordaron que el 14 de junio de 1982 se realiz\u00f3 en la plaza central de Xalapa una manifestaci\u00f3n de miles de cafetaleros agrupados en la Uni\u00f3n deProductores de Caf\u00e9 de Veracruz, reclamando un aumento de precios al Inmecaf\u00e9, situaci\u00f3n que result\u00f3 con \u00e9xito.<\/p>\n\n\n\n<p>En esta ocasi\u00f3n, los cafetaleros se concentraron en Plaza Sebasti\u00e1n Lerdo de Tejada, para demandar al gobierno federal que deje de favorecer a las grandes compa\u00f1\u00edas, mismas que han tenido el control de la producci\u00f3n.<\/p>\n\n\n\n<p>De acuerdo con Fernando Celis Callejas, asesor de la Coordinadora Nacional de Organizaciones Cafetaleras (CNOC), tambi\u00e9n se requiere un nuevo organismo gubernamental, como el ahora extinto Instituto Mexicano del Caf\u00e9 (inmecaf\u00e9), pero que atienda al sector productivo.<\/p>\n\n\n\n<p>\u201cNo es muy adecuado que cuando hubo un problema de que afectaron a los productores, viene un funcionario de M\u00e9xico, se ponen de lado de las compa\u00f1\u00edas, el mismo gobernador sale manejando un video de que pagan bien las compa\u00f1\u00edas, que pagan buenos precios\u201d, expres\u00f3.<\/p>\n\n\n\n<p>El entrevistado se\u00f1al\u00f3 que hay funcionarios que est\u00e1n apoyando a las compa\u00f1\u00edas transnacionales, dejando a un lado a las organizaciones de productores de caf\u00e9.<\/p>\n\n\n\n<p>\u201cDicen que estamos obsesionados con las compa\u00f1\u00edas transnacionales, pero no hay ning\u00fan pa\u00eds donde haya tanto control de estas grandes empresas y tienen privilegios, por qu\u00e9 se mantienen privilegios, si el gobierno dice que ya no hay una pol\u00edtica neoliberal\u201d, a\u00f1adi\u00f3.<\/p>\n\n\n\n<p>Tambi\u00e9n coment\u00f3 que es urgente que se revise y se apruebe la propuesta de la nueva Ley para la Cafeticultura Mexicana que ha presentado el sector productorde caf\u00e9, a trav\u00e9s de la senadora Susana Harp, para que se garanticen precios justos en el mercado y condiciones que incrementen la producci\u00f3n.<\/p>\n\n\n\n<p>Los campesinos mencionaron que continuar\u00e1n las movilizaciones en la entidad para exigir que haya mejores condiciones y beneficios para las organizaciones cafetaleras.<\/p>\n\n\n\n<figure class=\"wp-block-image size-large\"><img loading=\"lazy\" decoding=\"async\" width=\"1024\" height=\"683\" src=\"https:\/\/encuentroinformativo.com.mx\/wp-content\/uploads\/2022\/06\/244CAA7C-F0F8-43CB-8457-5EF318FF9087-1024x683.jpeg\" alt=\"\" class=\"wp-image-28380\" srcset=\"https:\/\/encuentroinformativo.com.mx\/wp-content\/uploads\/2022\/06\/244CAA7C-F0F8-43CB-8457-5EF318FF9087-1024x683.jpeg 1024w, https:\/\/encuentroinformativo.com.mx\/wp-content\/uploads\/2022\/06\/244CAA7C-F0F8-43CB-8457-5EF318FF9087-300x200.jpeg 300w, https:\/\/encuentroinformativo.com.mx\/wp-content\/uploads\/2022\/06\/244CAA7C-F0F8-43CB-8457-5EF318FF9087-768x512.jpeg 768w, https:\/\/encuentroinformativo.com.mx\/wp-content\/uploads\/2022\/06\/244CAA7C-F0F8-43CB-8457-5EF318FF9087.jpeg 1488w\" sizes=\"auto, (max-width: 1024px) 100vw, 1024px\" \/><\/figure>\n","protected":false},"excerpt":{"rendered":"<p>Juan Arcos Xalapa, Ver.- Un grupo de cafetaleros protest\u00f3 nuevamente frente a Palacio de Gobierno para exigir pol\u00edticas que beneficien a los peque\u00f1os productores y no a las empresas transnacionales. Los campesinos recordaron que el 14 de junio de 1982 se realiz\u00f3 en la plaza central de Xalapa una manifestaci\u00f3n de miles de cafetaleros agrupados [&hellip;]<\/p>\n","protected":false},"author":1,"featured_media":28379,"comment_status":"open","ping_status":"open","sticky":false,"template":"","format":"standard","meta":{"_jetpack_memberships_contains_paid_content":false,"footnotes":""},"categories":[8],"tags":[],"class_list":["post-28378","post","type-post","status-publish","format-standard","has-post-thumbnail","hentry","category-region"],"jetpack_featured_media_url":"https:\/\/encuentroinformativo.com.mx\/wp-content\/uploads\/2022\/06\/170E29EA-16A6-4FFC-893A-89295585D88A.jpeg","jetpack_sharing_enabled":true,"jetpack_likes_enabled":true,"amp_enabled":true,"_links":{"self":[{"href":"https:\/\/encuentroinformativo.com.mx\/index.php?rest_route=\/wp\/v2\/posts\/28378","targetHints":{"allow":["GET"]}}],"collection":[{"href":"https:\/\/encuentroinformativo.com.mx\/index.php?rest_route=\/wp\/v2\/posts"}],"about":[{"href":"https:\/\/encuentroinformativo.com.mx\/index.php?rest_route=\/wp\/v2\/types\/post"}],"author":[{"embeddable":true,"href":"https:\/\/encuentroinformativo.com.mx\/index.php?rest_route=\/wp\/v2\/users\/1"}],"replies":[{"embeddable":true,"href":"https:\/\/encuentroinformativo.com.mx\/index.php?rest_route=%2Fwp%2Fv2%2Fcomments&post=28378"}],"version-history":[{"count":1,"href":"https:\/\/encuentroinformativo.com.mx\/index.php?rest_route=\/wp\/v2\/posts\/28378\/revisions"}],"predecessor-version":[{"id":28381,"href":"https:\/\/encuentroinformativo.com.mx\/index.php?rest_route=\/wp\/v2\/posts\/28378\/revisions\/28381"}],"wp:featuredmedia":[{"embeddable":true,"href":"https:\/\/encuentroinformativo.com.mx\/index.php?rest_route=\/wp\/v2\/media\/28379"}],"wp:attachment":[{"href":"https:\/\/encuentroinformativo.com.mx\/index.php?rest_route=%2Fwp%2Fv2%2Fmedia&parent=28378"}],"wp:term":[{"taxonomy":"category","embeddable":true,"href":"https:\/\/encuentroinformativo.com.mx\/index.php?rest_route=%2Fwp%2Fv2%2Fcategories&post=28378"},{"taxonomy":"post_tag","embeddable":true,"href":"https:\/\/encuentroinformativo.com.mx\/index.php?rest_route=%2Fwp%2Fv2%2Ftags&post=28378"}],"curies":[{"name":"wp","href":"https:\/\/api.w.org\/{rel}","templated":true}]}}