{"id":28386,"date":"2022-06-14T13:26:11","date_gmt":"2022-06-14T18:26:11","guid":{"rendered":"https:\/\/encuentroinformativo.com.mx\/?p=28386"},"modified":"2022-06-14T13:26:15","modified_gmt":"2022-06-14T18:26:15","slug":"sev-atendio-10-casos-de-presunto-abuso-sexual-de-docentes","status":"publish","type":"post","link":"https:\/\/encuentroinformativo.com.mx\/?p=28386","title":{"rendered":"SEV atendi\u00f3 10 casos de presunto abuso sexual de docentes"},"content":{"rendered":"\n<p><strong>Alejandro \u00c1vila<\/strong><\/p>\n\n\n\n<p>Boca del R\u00edo, Ver.- El secretario de Educaci\u00f3n de Veracruz, Zenyazen Escobar Garc\u00eda se\u00f1al\u00f3 que, desde que regresaron a clases presenciales tras la pandemia, han dado atenci\u00f3n a 10 casos de presunto abuso sexual de docentes.<\/p>\n\n\n\n<p>En total, desde que asumi\u00f3 el cargo hace poco m\u00e1s de 3 a\u00f1os dijo que, la SEV ha dado atenci\u00f3n a 20 casos similares, entre acosos y presunto abuso sexual de maestros sobre alumnos.<\/p>\n\n\n\n<p>&#8220;Desde que regresamos de la pandemia, 10. Llevamos m\u00e1s de 20 casos en toda la administraci\u00f3n que encabeza un servidor (\u2026) ha sido en todo el estado, en todo el estado se ha dado esta situaci\u00f3n (\u2026) procesados con este, el de Jilotepec, creo que van 7, pero en todos ha habido denuncia&#8221;, asest\u00f3.<\/p>\n\n\n\n<p>Es de recordar que, el pasado 12 de junio la Fiscal\u00eda General del Estado de Veracruz dict\u00f3 2 a\u00f1os de prisi\u00f3n preventiva a Juan Eduardo &#8220;N&#8221;, docente de la escuela &#8220;Carlos A. Carrillo&#8221; en el municipio de Jilotepec, a qui\u00e9n se le acusa de presunta violaci\u00f3n sobre una menor de edad y, se le investiga por otros 6 casos similares.<\/p>\n\n\n\n<p>Tras las protestas de padres y madres de familia enel en el municipio de Jilotepec, el pasado 9 de junio, elementos de la Secretar\u00eda de Seguridad P\u00fablica ejecutaron la orden de aprehensi\u00f3n en contra de Juan Eduardo &#8220;N&#8221;, Qui\u00e9n fue trasladado al cuartel de San Jos\u00e9 en la ciudad de Xalapa, para iniciar con su proceso legal.<\/p>\n","protected":false},"excerpt":{"rendered":"<p>Alejandro \u00c1vila Boca del R\u00edo, Ver.- El secretario de Educaci\u00f3n de Veracruz, Zenyazen Escobar Garc\u00eda se\u00f1al\u00f3 que, desde que regresaron a clases presenciales tras la pandemia, han dado atenci\u00f3n a 10 casos de presunto abuso sexual de docentes. En total, desde que asumi\u00f3 el cargo hace poco m\u00e1s de 3 a\u00f1os dijo que, la SEV [&hellip;]<\/p>\n","protected":false},"author":1,"featured_media":28387,"comment_status":"open","ping_status":"open","sticky":false,"template":"","format":"standard","meta":{"_jetpack_memberships_contains_paid_content":false,"footnotes":""},"categories":[2],"tags":[],"class_list":["post-28386","post","type-post","status-publish","format-standard","has-post-thumbnail","hentry","category-estado"],"jetpack_featured_media_url":"https:\/\/encuentroinformativo.com.mx\/wp-content\/uploads\/2022\/06\/E11C6D05-397C-4086-86BF-655177D686BE.jpeg","jetpack_sharing_enabled":true,"jetpack_likes_enabled":true,"amp_enabled":true,"_links":{"self":[{"href":"https:\/\/encuentroinformativo.com.mx\/index.php?rest_route=\/wp\/v2\/posts\/28386","targetHints":{"allow":["GET"]}}],"collection":[{"href":"https:\/\/encuentroinformativo.com.mx\/index.php?rest_route=\/wp\/v2\/posts"}],"about":[{"href":"https:\/\/encuentroinformativo.com.mx\/index.php?rest_route=\/wp\/v2\/types\/post"}],"author":[{"embeddable":true,"href":"https:\/\/encuentroinformativo.com.mx\/index.php?rest_route=\/wp\/v2\/users\/1"}],"replies":[{"embeddable":true,"href":"https:\/\/encuentroinformativo.com.mx\/index.php?rest_route=%2Fwp%2Fv2%2Fcomments&post=28386"}],"version-history":[{"count":1,"href":"https:\/\/encuentroinformativo.com.mx\/index.php?rest_route=\/wp\/v2\/posts\/28386\/revisions"}],"predecessor-version":[{"id":28388,"href":"https:\/\/encuentroinformativo.com.mx\/index.php?rest_route=\/wp\/v2\/posts\/28386\/revisions\/28388"}],"wp:featuredmedia":[{"embeddable":true,"href":"https:\/\/encuentroinformativo.com.mx\/index.php?rest_route=\/wp\/v2\/media\/28387"}],"wp:attachment":[{"href":"https:\/\/encuentroinformativo.com.mx\/index.php?rest_route=%2Fwp%2Fv2%2Fmedia&parent=28386"}],"wp:term":[{"taxonomy":"category","embeddable":true,"href":"https:\/\/encuentroinformativo.com.mx\/index.php?rest_route=%2Fwp%2Fv2%2Fcategories&post=28386"},{"taxonomy":"post_tag","embeddable":true,"href":"https:\/\/encuentroinformativo.com.mx\/index.php?rest_route=%2Fwp%2Fv2%2Ftags&post=28386"}],"curies":[{"name":"wp","href":"https:\/\/api.w.org\/{rel}","templated":true}]}}