{"id":28389,"date":"2022-06-14T13:30:03","date_gmt":"2022-06-14T18:30:03","guid":{"rendered":"https:\/\/encuentroinformativo.com.mx\/?p=28389"},"modified":"2022-06-14T13:30:07","modified_gmt":"2022-06-14T18:30:07","slug":"yuri-nicky-jam-y-moderatto-en-carnaval-de-veracruz-2022","status":"publish","type":"post","link":"https:\/\/encuentroinformativo.com.mx\/?p=28389","title":{"rendered":"Yuri, Nicky Jam y Moderatto en Carnaval de Veracruz 2022"},"content":{"rendered":"\n<p><strong>Alejandro \u00c1vila<\/strong><\/p>\n\n\n\n<p>Veracruz, Ver.- Finalmente se dieron a conocer los artistas que estar\u00e1n en los conciertos masivos del Carnaval de Veracruz 2022, siendo estos, la veracruzana, Yuri; el reguetonero estadounidense, Nicky Jam; y el grupo de rock pop, Moderatto.<\/p>\n\n\n\n<p>El evento realizado en la Sala de Cabildo del Ayuntamiento de Veracruz, la alcaldesa Patricia Lobeira Rodr\u00edguez dio a conocer que, el d\u00eda viernes 1 de julio se presentar\u00e1 el reguetonero estadounidense, Nicky Jam.<\/p>\n\n\n\n<p>Este d\u00eda se realizar\u00e1n todas las coronaciones de la Corte Real del Carnaval de Veracruz 2022, as\u00ed como la Quema del Mal Humor, d\u00f3nde se le prendera fuego al COVID-19.<\/p>\n\n\n\n<p>El s\u00e1bado 2 de julio se presentar\u00e1 la veracruzana y ex reina del Carnaval en 1993, Yuri, a qui\u00e9n se le har\u00e1 un reconocimiento; finalmente, el domingo 3 de julio, el concierto estar\u00e1 a cargo del grupo de pop rock, Moderatto.<\/p>\n\n\n\n<p>&#8220;Hay tres g\u00e9neros diferentes de m\u00fasica, y estoy segura que los veracruzanos y los turistas, van a disfrutar de este evento tan grande (\u2026) Moderatto, Gobierno del Estado nos apoy\u00f3 con Moderatto, y nosotros hicimos posible que vinieran Nicky Jam y que viniera Yuri tambi\u00e9n&#8221;, apunt\u00f3.<\/p>\n\n\n\n<p>La edil panista dijo que, la organizaci\u00f3n del Carnaval de Veracruz 2022 tiene un costo total aproximado a los 50 mil de pesos, con lo cual se logr\u00f3 el objetivo de reducir costos para esta festividad.<\/p>\n","protected":false},"excerpt":{"rendered":"<p>Alejandro \u00c1vila Veracruz, Ver.- Finalmente se dieron a conocer los artistas que estar\u00e1n en los conciertos masivos del Carnaval de Veracruz 2022, siendo estos, la veracruzana, Yuri; el reguetonero estadounidense, Nicky Jam; y el grupo de rock pop, Moderatto. El evento realizado en la Sala de Cabildo del Ayuntamiento de Veracruz, la alcaldesa Patricia Lobeira [&hellip;]<\/p>\n","protected":false},"author":1,"featured_media":28390,"comment_status":"open","ping_status":"open","sticky":false,"template":"","format":"standard","meta":{"_jetpack_memberships_contains_paid_content":false,"footnotes":""},"categories":[2],"tags":[],"class_list":["post-28389","post","type-post","status-publish","format-standard","has-post-thumbnail","hentry","category-estado"],"jetpack_featured_media_url":"https:\/\/encuentroinformativo.com.mx\/wp-content\/uploads\/2022\/06\/AF2E8BCF-44C1-4B04-84D1-3816945A4149.jpeg","jetpack_sharing_enabled":true,"jetpack_likes_enabled":true,"amp_enabled":true,"_links":{"self":[{"href":"https:\/\/encuentroinformativo.com.mx\/index.php?rest_route=\/wp\/v2\/posts\/28389","targetHints":{"allow":["GET"]}}],"collection":[{"href":"https:\/\/encuentroinformativo.com.mx\/index.php?rest_route=\/wp\/v2\/posts"}],"about":[{"href":"https:\/\/encuentroinformativo.com.mx\/index.php?rest_route=\/wp\/v2\/types\/post"}],"author":[{"embeddable":true,"href":"https:\/\/encuentroinformativo.com.mx\/index.php?rest_route=\/wp\/v2\/users\/1"}],"replies":[{"embeddable":true,"href":"https:\/\/encuentroinformativo.com.mx\/index.php?rest_route=%2Fwp%2Fv2%2Fcomments&post=28389"}],"version-history":[{"count":1,"href":"https:\/\/encuentroinformativo.com.mx\/index.php?rest_route=\/wp\/v2\/posts\/28389\/revisions"}],"predecessor-version":[{"id":28391,"href":"https:\/\/encuentroinformativo.com.mx\/index.php?rest_route=\/wp\/v2\/posts\/28389\/revisions\/28391"}],"wp:featuredmedia":[{"embeddable":true,"href":"https:\/\/encuentroinformativo.com.mx\/index.php?rest_route=\/wp\/v2\/media\/28390"}],"wp:attachment":[{"href":"https:\/\/encuentroinformativo.com.mx\/index.php?rest_route=%2Fwp%2Fv2%2Fmedia&parent=28389"}],"wp:term":[{"taxonomy":"category","embeddable":true,"href":"https:\/\/encuentroinformativo.com.mx\/index.php?rest_route=%2Fwp%2Fv2%2Fcategories&post=28389"},{"taxonomy":"post_tag","embeddable":true,"href":"https:\/\/encuentroinformativo.com.mx\/index.php?rest_route=%2Fwp%2Fv2%2Ftags&post=28389"}],"curies":[{"name":"wp","href":"https:\/\/api.w.org\/{rel}","templated":true}]}}