{"id":28392,"date":"2022-06-14T13:53:04","date_gmt":"2022-06-14T18:53:04","guid":{"rendered":"https:\/\/encuentroinformativo.com.mx\/?p=28392"},"modified":"2022-06-14T13:53:07","modified_gmt":"2022-06-14T18:53:07","slug":"suspenden-a-joven-que-agredio-a-companera-del-cobaev-20-en-soledad-de-doblado","status":"publish","type":"post","link":"https:\/\/encuentroinformativo.com.mx\/?p=28392","title":{"rendered":"Suspenden a joven que agredi\u00f3 a compa\u00f1era del COBAEV 20 en Soledad de Doblado"},"content":{"rendered":"\n<p><strong>Alejandro \u00c1vila<\/strong><\/p>\n\n\n\n<p>Boca del R\u00edo, Ver.- Jorge Miguel Uscanga Villalba, subsecretar\u00eda de Educaci\u00f3n Media Superior y Superior de la SEV, dio a conocer que la agresora de Danna Karely, estudiante del COBAEV 20 en el municipio de Soledad de Doblado ha sido suspendida del plantel educativo.<\/p>\n\n\n\n<p>Es de mencionar que, hace unas horas fue difundido un video a trav\u00e9s de redes sociales, d\u00f3nde se ve a un grupo de j\u00f3venes del Colegio de Bachilleres del Estado de Veracruz n\u00famero 20, con sede en el municipio de Soledad de Doblado, agrediendo a una compa\u00f1era a golpes, la cual qued\u00f3 gravemente herida, totalmente ensangrentada del rostro, con fracturas y un esguince, los hechos ocurrieron el pasado 8 de junio.<\/p>\n\n\n\n<p>&#8220;Solamente la joven agresora est\u00e1 suspendida, pero insisto, se est\u00e1n cuidando todos los derechos de todos los involucrados (\u2026) por ejemplo, incluye que se realiz\u00f3 una junta directiva en el plantel, se generaron actas, se mandaron a traer a los tutores, obviamente se resguardo la integridad de las involucradas, es todo una serie de protocolos que est\u00e1n muy claros. Pero lo m\u00e1s importante, resguardando los derechos humanos de todos&#8221;, apunt\u00f3 el funcionario estatal.<\/p>\n\n\n\n<p>Uscanga Villalba asegur\u00f3 qu\u00e9, la joven se encuentra hospitalizada con pron\u00f3stico de salud reservado; sin embargo, est\u00e1n buscando la manera de que su proceso educativo contin\u00fae, para tratar de evitar, en la medida de lo posible, un rezago acad\u00e9mico.<\/p>\n\n\n\n<p>Los familiares de Danna Karely hab\u00edan acusado al director del plantel educativo de no aplicar los protocolos necesarios para evitar este incidente, pues aseguran qu\u00e9 la joven agredida hab\u00eda alertado en d\u00edas anteriores, qu\u00e9 hab\u00eda sido amenazada por algunas compa\u00f1eras.<\/p>\n","protected":false},"excerpt":{"rendered":"<p>Alejandro \u00c1vila Boca del R\u00edo, Ver.- Jorge Miguel Uscanga Villalba, subsecretar\u00eda de Educaci\u00f3n Media Superior y Superior de la SEV, dio a conocer que la agresora de Danna Karely, estudiante del COBAEV 20 en el municipio de Soledad de Doblado ha sido suspendida del plantel educativo. Es de mencionar que, hace unas horas fue difundido [&hellip;]<\/p>\n","protected":false},"author":1,"featured_media":28393,"comment_status":"open","ping_status":"open","sticky":false,"template":"","format":"standard","meta":{"_jetpack_memberships_contains_paid_content":false,"footnotes":""},"categories":[2],"tags":[],"class_list":["post-28392","post","type-post","status-publish","format-standard","has-post-thumbnail","hentry","category-estado"],"jetpack_featured_media_url":"https:\/\/encuentroinformativo.com.mx\/wp-content\/uploads\/2022\/06\/6F4C44E0-619F-4593-BF1E-E06D608C134D.jpeg","jetpack_sharing_enabled":true,"jetpack_likes_enabled":true,"amp_enabled":true,"_links":{"self":[{"href":"https:\/\/encuentroinformativo.com.mx\/index.php?rest_route=\/wp\/v2\/posts\/28392","targetHints":{"allow":["GET"]}}],"collection":[{"href":"https:\/\/encuentroinformativo.com.mx\/index.php?rest_route=\/wp\/v2\/posts"}],"about":[{"href":"https:\/\/encuentroinformativo.com.mx\/index.php?rest_route=\/wp\/v2\/types\/post"}],"author":[{"embeddable":true,"href":"https:\/\/encuentroinformativo.com.mx\/index.php?rest_route=\/wp\/v2\/users\/1"}],"replies":[{"embeddable":true,"href":"https:\/\/encuentroinformativo.com.mx\/index.php?rest_route=%2Fwp%2Fv2%2Fcomments&post=28392"}],"version-history":[{"count":1,"href":"https:\/\/encuentroinformativo.com.mx\/index.php?rest_route=\/wp\/v2\/posts\/28392\/revisions"}],"predecessor-version":[{"id":28394,"href":"https:\/\/encuentroinformativo.com.mx\/index.php?rest_route=\/wp\/v2\/posts\/28392\/revisions\/28394"}],"wp:featuredmedia":[{"embeddable":true,"href":"https:\/\/encuentroinformativo.com.mx\/index.php?rest_route=\/wp\/v2\/media\/28393"}],"wp:attachment":[{"href":"https:\/\/encuentroinformativo.com.mx\/index.php?rest_route=%2Fwp%2Fv2%2Fmedia&parent=28392"}],"wp:term":[{"taxonomy":"category","embeddable":true,"href":"https:\/\/encuentroinformativo.com.mx\/index.php?rest_route=%2Fwp%2Fv2%2Fcategories&post=28392"},{"taxonomy":"post_tag","embeddable":true,"href":"https:\/\/encuentroinformativo.com.mx\/index.php?rest_route=%2Fwp%2Fv2%2Ftags&post=28392"}],"curies":[{"name":"wp","href":"https:\/\/api.w.org\/{rel}","templated":true}]}}