{"id":28404,"date":"2022-06-14T17:06:07","date_gmt":"2022-06-14T22:06:07","guid":{"rendered":"https:\/\/encuentroinformativo.com.mx\/?p=28404"},"modified":"2022-06-14T17:07:35","modified_gmt":"2022-06-14T22:07:35","slug":"boca-del-rio-estima-derrama-economica-de-casi-300-mdp-por-carnaval-de-veracruz","status":"publish","type":"post","link":"https:\/\/encuentroinformativo.com.mx\/?p=28404","title":{"rendered":"Boca del R\u00edo estima derrama econ\u00f3mica de casi 300 mdp por Carnaval de Veracruz"},"content":{"rendered":"\n<p><strong>Alejandro \u00c1vila<\/strong><\/p>\n\n\n\n<p>Veracruz, Ver.- La derrama econ\u00f3mica durante el Carnaval de Veracruz 2022 que se estima en el municipio de Boca del R\u00edo, es cercana a los 300 millones de pesos, se\u00f1al\u00f3 el alcalde Juan Manuel Un\u00e1nue Abascal.<\/p>\n\n\n\n<p>El panista reconoci\u00f3 que, el municipio que administra cuenta con una de las mejores infraestructuras hoteleras en la entidad veracruzana, adem\u00e1s, las playas son de las m\u00e1s concurridas, por lo que las expectativas de flujo econ\u00f3mico durante la semana del Carnaval son amplias.<\/p>\n\n\n\n<p>En otro tema dijo que, no se pudo concretar para esta edici\u00f3n la ampliaci\u00f3n del desfile sobre el bulevard &#8220;Manuel \u00c1vila Camacho&#8221; en el tramo de Boca del R\u00edo c\u00f3mo se ten\u00eda previsto, aunque aclar\u00f3 se buscara lograrlo para ediciones posteriores.<\/p>\n\n\n\n<p>&#8220;Nosotros hab\u00edamos pensado, y hab\u00edamos propuesto la posibilidad de que concluyera, c\u00f3mo hace muchos a\u00f1os, aprovechando el buen clima que hay en ese mes, por el bulevard \u00c1vila Camacho, en esta ocasi\u00f3n, en este a\u00f1o se queda igual, concluye en Ruiz Cortines, pero estamos viendo la posibilidad y ya organizandonos por todo el tema de log\u00edstica, para que el pr\u00f3ximo a\u00f1o pueda llevarse a cabo, y que concluya y que inicie por \u00c1vila Camacho, y existe la posibilidad de que m\u00e1s gente, en Boca del R\u00edo, en el territorio de la ciudad, disfrute el Carnaval de Veracruz&#8221;, subray\u00f3.<\/p>\n\n\n\n<p>Juan Manuel Unanue dijo que, en esta edici\u00f3n 2022, se colocar\u00e1n un kil\u00f3metro y medio de gradas en el municipio de Boca del R\u00edo.<\/p>\n","protected":false},"excerpt":{"rendered":"<p>Alejandro \u00c1vila Veracruz, Ver.- La derrama econ\u00f3mica durante el Carnaval de Veracruz 2022 que se estima en el municipio de Boca del R\u00edo, es cercana a los 300 millones de pesos, se\u00f1al\u00f3 el alcalde Juan Manuel Un\u00e1nue Abascal. El panista reconoci\u00f3 que, el municipio que administra cuenta con una de las mejores infraestructuras hoteleras en [&hellip;]<\/p>\n","protected":false},"author":1,"featured_media":28407,"comment_status":"open","ping_status":"open","sticky":false,"template":"","format":"standard","meta":{"_jetpack_memberships_contains_paid_content":false,"footnotes":""},"categories":[2],"tags":[],"class_list":["post-28404","post","type-post","status-publish","format-standard","has-post-thumbnail","hentry","category-estado"],"jetpack_featured_media_url":"https:\/\/encuentroinformativo.com.mx\/wp-content\/uploads\/2022\/06\/011303A3-FAE6-43A2-8C25-178A0E12110B.jpeg","jetpack_sharing_enabled":true,"jetpack_likes_enabled":true,"amp_enabled":true,"_links":{"self":[{"href":"https:\/\/encuentroinformativo.com.mx\/index.php?rest_route=\/wp\/v2\/posts\/28404","targetHints":{"allow":["GET"]}}],"collection":[{"href":"https:\/\/encuentroinformativo.com.mx\/index.php?rest_route=\/wp\/v2\/posts"}],"about":[{"href":"https:\/\/encuentroinformativo.com.mx\/index.php?rest_route=\/wp\/v2\/types\/post"}],"author":[{"embeddable":true,"href":"https:\/\/encuentroinformativo.com.mx\/index.php?rest_route=\/wp\/v2\/users\/1"}],"replies":[{"embeddable":true,"href":"https:\/\/encuentroinformativo.com.mx\/index.php?rest_route=%2Fwp%2Fv2%2Fcomments&post=28404"}],"version-history":[{"count":1,"href":"https:\/\/encuentroinformativo.com.mx\/index.php?rest_route=\/wp\/v2\/posts\/28404\/revisions"}],"predecessor-version":[{"id":28406,"href":"https:\/\/encuentroinformativo.com.mx\/index.php?rest_route=\/wp\/v2\/posts\/28404\/revisions\/28406"}],"wp:featuredmedia":[{"embeddable":true,"href":"https:\/\/encuentroinformativo.com.mx\/index.php?rest_route=\/wp\/v2\/media\/28407"}],"wp:attachment":[{"href":"https:\/\/encuentroinformativo.com.mx\/index.php?rest_route=%2Fwp%2Fv2%2Fmedia&parent=28404"}],"wp:term":[{"taxonomy":"category","embeddable":true,"href":"https:\/\/encuentroinformativo.com.mx\/index.php?rest_route=%2Fwp%2Fv2%2Fcategories&post=28404"},{"taxonomy":"post_tag","embeddable":true,"href":"https:\/\/encuentroinformativo.com.mx\/index.php?rest_route=%2Fwp%2Fv2%2Ftags&post=28404"}],"curies":[{"name":"wp","href":"https:\/\/api.w.org\/{rel}","templated":true}]}}