{"id":28408,"date":"2022-06-15T09:38:53","date_gmt":"2022-06-15T14:38:53","guid":{"rendered":"https:\/\/encuentroinformativo.com.mx\/?p=28408"},"modified":"2022-06-15T09:38:57","modified_gmt":"2022-06-15T14:38:57","slug":"pvem-24","status":"publish","type":"post","link":"https:\/\/encuentroinformativo.com.mx\/?p=28408","title":{"rendered":"PVEM-24"},"content":{"rendered":"\n<p><strong>Los Pol\u00edticos<\/strong><\/p>\n\n\n\n<p><strong>Salvador Mu\u00f1oz<\/strong><\/p>\n\n\n\n<p>Nos conocimos en el diario Pol\u00edtica.<\/p>\n\n\n\n<p>Un tanto por la pasi\u00f3n que despert\u00f3 en ella ese periodismo de noches largas, mesa de redacci\u00f3n, cantidades de caf\u00e9, pan de chinos, pruebas y un gran equipo, pero otro tanto, porque nuestros caminos, los de Raciel Mart\u00ednez y el m\u00edo, coincid\u00edan con el de ella, que a veces la acompa\u00f1\u00e1bamos a su casa de estudiante, all\u00e1 en el Callej\u00f3n de Moctezuma\u2026 Raciel luego agarraba para Murillo y yo, a la colonia Pumar\u2026 Eleaney en ese entonces, era la \u00fanica mujer que se quedaba hasta el cierre de edici\u00f3n del Pol\u00edtica.<\/p>\n\n\n\n<p>Diferentes circunstancias y diferentes escenarios\u2026 all\u00e1 por el 2000, Eleaney Sesma se aventuraba en su Misantla, a abrir un peri\u00f3dico: El Chiltep\u00edn. M\u00e1s o menos por esas fechas, el Verde Ecologista era encabezado por una mujer: Guadalupe Mart\u00ednez.<\/p>\n\n\n\n<p>Diferentes circunstancias y diferentes escenarios\u2026 Eleaney Sesma pas\u00f3 del periodismo a la pol\u00edtica. Hoy, es la \u00fanica mujer que encabeza un partido pol\u00edtico en el estado: El Partido Verde Ecologista de M\u00e9xico.<\/p>\n\n\n\n<p>Tuvieron que pasar m\u00e1s de 20 a\u00f1os para que ese partido volviera a ser tomado de sus riendas por una mujer.<\/p>\n\n\n\n<p>Aclarando amanece: en el Verde no hay Presidenta, sino Secretaria General del Comit\u00e9 Ejecutivo Estatal. A Eleaney la acompa\u00f1a en la secretar\u00eda de Organizaci\u00f3n Edgar Herrera\u2026 \u00a1pero el joven! \u00a1el hijo! No el hermano del T\u00edo Fide.<\/p>\n\n\n\n<p>(Par\u00e9ntesis: Edgar Herrera Beltr\u00e1n le tom\u00f3 tanto gusto al Verde que de Nopaltepec se pas\u00f3 a Tantoyuca\u2026 y no s\u00f3lo eso, sino que cuando fue diputado federal su sobrino Javier, \u00bfsabe qui\u00e9n era su asesor principal? \u00a1Exacto! Edgar Herrera Beltr\u00e1n!)<\/p>\n\n\n\n<p>El PVEM es un partido que ha hecho alianzas con todos los partidos fuertes\u2026 en el 2000, si recuerdan, apoy\u00f3 al PAN en algo llamado Alianza por el Cambio\u2026 tres a\u00f1os despu\u00e9s hizo alianza con el PRI hasta que en el 2012, se gan\u00f3 la presidencia con Pe\u00f1a Nieto\u2026 \u00bfy qu\u00e9 creen? En el 2018 fue con Morena y hasta la fecha, mantiene esa alianza con el partido en el Poder\u2026&nbsp;<\/p>\n\n\n\n<p>Sobre esa alianza a nivel estatal, Eleaney confirma que ah\u00ed est\u00e1, ah\u00ed sigue y espera que para el 2024, en Veracruz, se consolide a\u00fan m\u00e1s.<\/p>\n\n\n\n<p>Prueba de que las cosas van de la mano con Morena, es que en una reuni\u00f3n con columnistas que tuvo Eleaney Sesma, lleg\u00f3 Juan Javier G\u00f3mez Cazar\u00edn, quien ahora, m\u00e1s all\u00e1 de ser el titular de la Junta de Coordinaci\u00f3n Pol\u00edtica del Congreso local, tambi\u00e9n es una de las \u201ccorcholatas\u201d que tiene el gobernador Cuitl\u00e1huac Garc\u00eda\u2026 Dijera Marlon Ram\u00edrez: una afortunada coincidencia que se apareciera El Car\u00f3n a quien es claro, que el Verde es uno de sus colores favoritos\u2026 nom\u00e1s se jal\u00f3 a dos diputados de ese color a Morena: Rafael Fararoni y Luis Arturo Santiago Mart\u00ednez, pero eso ocurri\u00f3 cuando Marcelo Ruiz S\u00e1nchez dirig\u00eda el partido, es decir que para Eleaney se podr\u00eda aplicar aquello de \u201clo que no fue en su a\u00f1o, no es su da\u00f1o\u201d.<\/p>\n\n\n\n<p>Eso s\u00ed, platica que tanto Tania Mar\u00eda Cruz Mej\u00eda como Citlali Medell\u00edn Careaga, sus legisladoras verdes, han recibido total apoyo del Jucopo en cuanto a iniciativas y proyectos se refiere.<\/p>\n\n\n\n<p>Aunque otra cosa es cierta: no se ha reunido con el secretario de Gobierno, Bola 8; la bromeo: \u201cno se ha dado la afortunada coincidencia\u201d, aunque sabe que tarde o temprano ha de hacerlo\u2026 no hay prisa\u2026 lo importante es que la alianza con PT y Morena est\u00e1 intacta y ahora, en lo que est\u00e1, es en fortalecer las bases del Verde\u2026 \u00bfy por qu\u00e9 no? volver a tener una afortunada coincidencia con esos compa\u00f1eros del periodismo para recordar an\u00e9cdotas, chistes, historias de redacci\u00f3n, entre caf\u00e9, notas y hasta pan de chinos\u2026<\/p>\n\n\n\n<p><a href=\"mailto:smcainito@gmail.com\" target=\"_blank\" rel=\"noreferrer noopener\">smcainito@gmail.com<\/a><\/p>\n","protected":false},"excerpt":{"rendered":"<p>Los Pol\u00edticos Salvador Mu\u00f1oz Nos conocimos en el diario Pol\u00edtica. Un tanto por la pasi\u00f3n que despert\u00f3 en ella ese periodismo de noches largas, mesa de redacci\u00f3n, cantidades de caf\u00e9, pan de chinos, pruebas y un gran equipo, pero otro tanto, porque nuestros caminos, los de Raciel Mart\u00ednez y el m\u00edo, coincid\u00edan con el de [&hellip;]<\/p>\n","protected":false},"author":1,"featured_media":387,"comment_status":"open","ping_status":"open","sticky":false,"template":"","format":"standard","meta":{"_jetpack_memberships_contains_paid_content":false,"footnotes":""},"categories":[11],"tags":[],"class_list":["post-28408","post","type-post","status-publish","format-standard","has-post-thumbnail","hentry","category-opinion"],"jetpack_featured_media_url":"https:\/\/encuentroinformativo.com.mx\/wp-content\/uploads\/2020\/03\/7CF8A22B-2764-47BE-8F7F-38FE9E5D6A2F.jpeg","jetpack_sharing_enabled":true,"jetpack_likes_enabled":true,"amp_enabled":true,"_links":{"self":[{"href":"https:\/\/encuentroinformativo.com.mx\/index.php?rest_route=\/wp\/v2\/posts\/28408","targetHints":{"allow":["GET"]}}],"collection":[{"href":"https:\/\/encuentroinformativo.com.mx\/index.php?rest_route=\/wp\/v2\/posts"}],"about":[{"href":"https:\/\/encuentroinformativo.com.mx\/index.php?rest_route=\/wp\/v2\/types\/post"}],"author":[{"embeddable":true,"href":"https:\/\/encuentroinformativo.com.mx\/index.php?rest_route=\/wp\/v2\/users\/1"}],"replies":[{"embeddable":true,"href":"https:\/\/encuentroinformativo.com.mx\/index.php?rest_route=%2Fwp%2Fv2%2Fcomments&post=28408"}],"version-history":[{"count":1,"href":"https:\/\/encuentroinformativo.com.mx\/index.php?rest_route=\/wp\/v2\/posts\/28408\/revisions"}],"predecessor-version":[{"id":28409,"href":"https:\/\/encuentroinformativo.com.mx\/index.php?rest_route=\/wp\/v2\/posts\/28408\/revisions\/28409"}],"wp:featuredmedia":[{"embeddable":true,"href":"https:\/\/encuentroinformativo.com.mx\/index.php?rest_route=\/wp\/v2\/media\/387"}],"wp:attachment":[{"href":"https:\/\/encuentroinformativo.com.mx\/index.php?rest_route=%2Fwp%2Fv2%2Fmedia&parent=28408"}],"wp:term":[{"taxonomy":"category","embeddable":true,"href":"https:\/\/encuentroinformativo.com.mx\/index.php?rest_route=%2Fwp%2Fv2%2Fcategories&post=28408"},{"taxonomy":"post_tag","embeddable":true,"href":"https:\/\/encuentroinformativo.com.mx\/index.php?rest_route=%2Fwp%2Fv2%2Ftags&post=28408"}],"curies":[{"name":"wp","href":"https:\/\/api.w.org\/{rel}","templated":true}]}}