{"id":28413,"date":"2022-06-15T10:21:08","date_gmt":"2022-06-15T15:21:08","guid":{"rendered":"https:\/\/encuentroinformativo.com.mx\/?p=28413"},"modified":"2022-06-15T10:21:11","modified_gmt":"2022-06-15T15:21:11","slug":"panistas-aceptan-auditoria-a-grupo-mas-y-piden-revision-a-caev","status":"publish","type":"post","link":"https:\/\/encuentroinformativo.com.mx\/?p=28413","title":{"rendered":"Panistas aceptan auditor\u00eda a Grupo MAS, y piden revisi\u00f3n a CAEV"},"content":{"rendered":"\n<p><strong>Alejandro \u00c1vila<\/strong><\/p>\n\n\n\n<p>Veracruz, Ver.- La solicitud de fiscalizaci\u00f3n, supervisi\u00f3n y vigilancia sobre Grupo MAS, fue aceptada por la bancada panista en el Congreso del Veracruz; quienes a la par solicitaron se realicen las mismas diligencias sobre la CAEV.<\/p>\n\n\n\n<p>El diputado Jaime de la Garza Mart\u00ednez acept\u00f3 que el desempe\u00f1o de la empresa Grupo MAS en los municipios Veracruz y Medell\u00edn de Bravo ha dejado mucho que desear, por lo que a obtenido diversas quejas, pero esta misma situaci\u00f3n sucede con la Comisi\u00f3n Estatal del Agua de Veracruz (CAEV), qui\u00e9n incluso ha dejado sin agua a municipios como, Acula, Alvarado, Tlalixcoyan e Ignacio de la Llave, los cuales pertenecen a la demarcaci\u00f3n de su distrito.<\/p>\n\n\n\n<p>Sobre la propuesta de que la Procuradur\u00eda de Medio Ambiente (PMA) y la Secretar\u00eda de Salud intervengan en dicha supervisi\u00f3n, mencion\u00f3 que, est\u00e1s dependencias estatales tienen otros compromisos m\u00e1s importantes que deben ser su prioridad.<\/p>\n\n\n\n<p>&#8220;Todos los ciudadanos del Estado de Veracruz somos responsables del agua en el estado, y sin embargo en estos cinco municipios que yo represent\u00f3, cuatro son manejados por la CAEV, y el d\u00eda que ustedes gusten pueden acompa\u00f1arme a estos cuatro municipios en donde no llega agua turbia, literal no llega agua, no llega agua a Alvarado, no llega agua a Tlalixcoyan, no llega agua a Ignacio de la Llave y no llega agua a Acula, yo les invito que tambi\u00e9n hagan un exhorto, a ver qu\u00e9 vamos a hacer con esta Comisi\u00f3n de Agua del Estado de Veracruz, a favor de todos los veracruzanos&#8221;, asest\u00f3.<\/p>\n\n\n\n<p>Es de mencionar qu\u00e9 tan solo en el 2022, los ciudadanos de municipios como, Tlacotalpan, Cosamaloapan, Tuxpan, Poza Rica, Alvarado, Lerdo de Tejada, R\u00edo Blanco, Camerino Z. Mendoza, han denunciado la falta de suministro de agua por mal proceder de la CAEV, por lo que se han realizado diversas manifestaciones en las delegaciones municipales de la dependencia estatal.<\/p>\n","protected":false},"excerpt":{"rendered":"<p>Alejandro \u00c1vila Veracruz, Ver.- La solicitud de fiscalizaci\u00f3n, supervisi\u00f3n y vigilancia sobre Grupo MAS, fue aceptada por la bancada panista en el Congreso del Veracruz; quienes a la par solicitaron se realicen las mismas diligencias sobre la CAEV. El diputado Jaime de la Garza Mart\u00ednez acept\u00f3 que el desempe\u00f1o de la empresa Grupo MAS en [&hellip;]<\/p>\n","protected":false},"author":1,"featured_media":28414,"comment_status":"open","ping_status":"open","sticky":false,"template":"","format":"standard","meta":{"_jetpack_memberships_contains_paid_content":false,"footnotes":""},"categories":[2],"tags":[],"class_list":["post-28413","post","type-post","status-publish","format-standard","has-post-thumbnail","hentry","category-estado"],"jetpack_featured_media_url":"https:\/\/encuentroinformativo.com.mx\/wp-content\/uploads\/2022\/06\/8CE5FAED-12D5-4DA7-9B01-DDA361AEDA73.jpeg","jetpack_sharing_enabled":true,"jetpack_likes_enabled":true,"amp_enabled":true,"_links":{"self":[{"href":"https:\/\/encuentroinformativo.com.mx\/index.php?rest_route=\/wp\/v2\/posts\/28413","targetHints":{"allow":["GET"]}}],"collection":[{"href":"https:\/\/encuentroinformativo.com.mx\/index.php?rest_route=\/wp\/v2\/posts"}],"about":[{"href":"https:\/\/encuentroinformativo.com.mx\/index.php?rest_route=\/wp\/v2\/types\/post"}],"author":[{"embeddable":true,"href":"https:\/\/encuentroinformativo.com.mx\/index.php?rest_route=\/wp\/v2\/users\/1"}],"replies":[{"embeddable":true,"href":"https:\/\/encuentroinformativo.com.mx\/index.php?rest_route=%2Fwp%2Fv2%2Fcomments&post=28413"}],"version-history":[{"count":1,"href":"https:\/\/encuentroinformativo.com.mx\/index.php?rest_route=\/wp\/v2\/posts\/28413\/revisions"}],"predecessor-version":[{"id":28415,"href":"https:\/\/encuentroinformativo.com.mx\/index.php?rest_route=\/wp\/v2\/posts\/28413\/revisions\/28415"}],"wp:featuredmedia":[{"embeddable":true,"href":"https:\/\/encuentroinformativo.com.mx\/index.php?rest_route=\/wp\/v2\/media\/28414"}],"wp:attachment":[{"href":"https:\/\/encuentroinformativo.com.mx\/index.php?rest_route=%2Fwp%2Fv2%2Fmedia&parent=28413"}],"wp:term":[{"taxonomy":"category","embeddable":true,"href":"https:\/\/encuentroinformativo.com.mx\/index.php?rest_route=%2Fwp%2Fv2%2Fcategories&post=28413"},{"taxonomy":"post_tag","embeddable":true,"href":"https:\/\/encuentroinformativo.com.mx\/index.php?rest_route=%2Fwp%2Fv2%2Ftags&post=28413"}],"curies":[{"name":"wp","href":"https:\/\/api.w.org\/{rel}","templated":true}]}}