{"id":28424,"date":"2022-06-15T16:52:04","date_gmt":"2022-06-15T21:52:04","guid":{"rendered":"https:\/\/encuentroinformativo.com.mx\/?p=28424"},"modified":"2022-06-15T16:52:21","modified_gmt":"2022-06-15T21:52:21","slug":"con-gran-exito-se-presentan-el-violinista-joshua-bell-y-la-orquesta-filarmonica-dirigida-por-jorge-mester","status":"publish","type":"post","link":"https:\/\/encuentroinformativo.com.mx\/?p=28424","title":{"rendered":"Con gran \u00e9xito se presentan el violinista Joshua Bell y la Orquesta Filarm\u00f3nica dirigida por Jorge Mester"},"content":{"rendered":"\n<p><strong>*El regreso del Foro Boca y de la Orquesta Filarm\u00f3nica de Boca del R\u00edo registr\u00f3 un lleno, luego de la pandemia.<\/strong><\/p>\n\n\n\n<p><strong>*Los alcaldes de Veracruz y Boca del R\u00edo, Patricia Lobeira de Yunes y Juan Manuel Un\u00e1nue, respectivamente, afirmaron que continuar\u00e1n trabajando juntos para reactivar cultural, social y econ\u00f3micamente a la zona conurbada.<\/strong><\/p>\n\n\n\n<p>Boca del R\u00edo, Ver.- Con la presencia del mejor violinista del mundo, Joshua Bell, y del maestro Jorge Mester dirigiendo la Orquesta Filarm\u00f3nica de Boca, se reapertura la serie de conciertos en el recinto cultural del municipio Boca del R\u00edo, el \u201cForo Boca\u201d.<\/p>\n\n\n\n<p>Con \u00e9xito rotundo y un lleno, se enmarc\u00f3 el regreso del Foro Boca y de la Orquesta Filarm\u00f3nica de Boca del R\u00edo, luego la pausa obligada por la pandemia.<\/p>\n\n\n\n<p>Los alcaldes de Veracruz y Boca del R\u00edo, Patricia Lobeira de Yunes y Juan Manuel Un\u00e1nue Abascal, respectivamente, dieron la bienvenida a los asistentes al concierto y afirmaron que juntos van a lograr que la cultura florezca en la zona conurbada.<\/p>\n\n\n\n<p>\u201cJunto con la Alcaldesa de Veracruz hoy reaperturamos este gran Foro Boca, uno de los recintos m\u00e1s bonitos de M\u00e9xico, con la Orquesta Filarm\u00f3nica de Boca del R\u00edo y el violista Joshua Bell; sin lugar a dudas con su reapertura se reactiva la actividad cultural no nada m\u00e1s en Boca del R\u00edo, sino en la zona conurbada\u201d, manifest\u00f3 el Alcalde de Boca del R\u00edo, Juan Manuel Un\u00e1nue.<\/p>\n\n\n\n<p>Por su parte la alcaldesa Patricia Lobeira afirm\u00f3 que para ella era un honor estar en el Foro Boca presentando este gran concierto bajo la direcci\u00f3n del maestro Jorge Mester y la presentaci\u00f3n del mejor violinista del mundo, Joshua Bell, adem\u00e1s de los m\u00fasicos de la Orquesta Filarm\u00f3nica.<\/p>\n\n\n\n<p>Destac\u00f3 que la Orquesta Filarm\u00f3nica se estar\u00e1 presentando en la zona conurbada de Veracruz &#8211; Boca del R\u00edo, gracias a la gran coordinaci\u00f3n que tienen ambos alcaldes.<\/p>\n\n\n\n<p>Juan Manuel Un\u00e1nue y Patricia Lobeira hicieron un reconocimiento especial a Miguel \u00c1ngel Yunes M\u00e1rquez por tener la visi\u00f3n y lograr como alcalde la construcci\u00f3n del Foro Boca y que se pueda disfrutar de los conciertos con la maravillosa m\u00fasica de la Orquesta Filarm\u00f3nica.<\/p>\n\n\n\n<p>Ambos alcaldes se comprometieron a seguir trabajando juntos para continuar reactivando cultural, social y econ\u00f3micamente a la zona conurbada.<\/p>\n\n\n\n<p><em>Programa especial:<\/em><br>Primera Temporada 2022<\/p>\n\n\n\n<p>Wolfgang Amadeus Mozart<br>Opertura \u201cEl rapto en el serrallo\u201d<\/p>\n\n\n\n<p>Ludwing Van Beethoven<br>Sinfon\u00eda No. 5 en Do menor, Op. 67<br>-Allegro con brio<br>-Andante con moto<br>-Scherzo: Allegro<br>-Allegro<\/p>\n\n\n\n<p>Piotr Ilich Tchaikovsky<br>Concierto para viol\u00edn en Re mayor, Op.35<br>-Allegro moderato<br>-Andante<br>-Finale. Allegro vivacissino-Adagio; Allegro<\/p>\n\n\n\n<p>Jorge Mester\/Director art\u00edstico.<\/p>\n","protected":false},"excerpt":{"rendered":"<p>*El regreso del Foro Boca y de la Orquesta Filarm\u00f3nica de Boca del R\u00edo registr\u00f3 un lleno, luego de la pandemia. *Los alcaldes de Veracruz y Boca del R\u00edo, Patricia Lobeira de Yunes y Juan Manuel Un\u00e1nue, respectivamente, afirmaron que continuar\u00e1n trabajando juntos para reactivar cultural, social y econ\u00f3micamente a la zona conurbada. Boca del [&hellip;]<\/p>\n","protected":false},"author":1,"featured_media":28425,"comment_status":"open","ping_status":"open","sticky":false,"template":"","format":"standard","meta":{"_jetpack_memberships_contains_paid_content":false,"footnotes":""},"categories":[2],"tags":[],"class_list":["post-28424","post","type-post","status-publish","format-standard","has-post-thumbnail","hentry","category-estado"],"jetpack_featured_media_url":"https:\/\/encuentroinformativo.com.mx\/wp-content\/uploads\/2022\/06\/A25A1B45-AE6E-4CF6-8CDD-1485F8B85B92.jpeg","jetpack_sharing_enabled":true,"jetpack_likes_enabled":true,"amp_enabled":true,"_links":{"self":[{"href":"https:\/\/encuentroinformativo.com.mx\/index.php?rest_route=\/wp\/v2\/posts\/28424","targetHints":{"allow":["GET"]}}],"collection":[{"href":"https:\/\/encuentroinformativo.com.mx\/index.php?rest_route=\/wp\/v2\/posts"}],"about":[{"href":"https:\/\/encuentroinformativo.com.mx\/index.php?rest_route=\/wp\/v2\/types\/post"}],"author":[{"embeddable":true,"href":"https:\/\/encuentroinformativo.com.mx\/index.php?rest_route=\/wp\/v2\/users\/1"}],"replies":[{"embeddable":true,"href":"https:\/\/encuentroinformativo.com.mx\/index.php?rest_route=%2Fwp%2Fv2%2Fcomments&post=28424"}],"version-history":[{"count":1,"href":"https:\/\/encuentroinformativo.com.mx\/index.php?rest_route=\/wp\/v2\/posts\/28424\/revisions"}],"predecessor-version":[{"id":28426,"href":"https:\/\/encuentroinformativo.com.mx\/index.php?rest_route=\/wp\/v2\/posts\/28424\/revisions\/28426"}],"wp:featuredmedia":[{"embeddable":true,"href":"https:\/\/encuentroinformativo.com.mx\/index.php?rest_route=\/wp\/v2\/media\/28425"}],"wp:attachment":[{"href":"https:\/\/encuentroinformativo.com.mx\/index.php?rest_route=%2Fwp%2Fv2%2Fmedia&parent=28424"}],"wp:term":[{"taxonomy":"category","embeddable":true,"href":"https:\/\/encuentroinformativo.com.mx\/index.php?rest_route=%2Fwp%2Fv2%2Fcategories&post=28424"},{"taxonomy":"post_tag","embeddable":true,"href":"https:\/\/encuentroinformativo.com.mx\/index.php?rest_route=%2Fwp%2Fv2%2Ftags&post=28424"}],"curies":[{"name":"wp","href":"https:\/\/api.w.org\/{rel}","templated":true}]}}