{"id":28433,"date":"2022-06-15T14:34:20","date_gmt":"2022-06-15T19:34:20","guid":{"rendered":"https:\/\/encuentroinformativo.com.mx\/?p=28433"},"modified":"2022-06-15T14:34:23","modified_gmt":"2022-06-15T19:34:23","slug":"preocupa-a-padres-condiciones-precarias-de-primaria-en-coatepec-en","status":"publish","type":"post","link":"https:\/\/encuentroinformativo.com.mx\/?p=28433","title":{"rendered":"Preocupa a padres condiciones precarias de primaria en Coatepec en"},"content":{"rendered":"\n<p><strong>Juan Arcos <\/strong><\/p>\n\n\n\n<p>Coatepec, Ver.- Madres y padres de familia est\u00e1n preocupados por los estudiantes de la escuela primaria \u201cBenito Ju\u00e1rez\u201d, ubicada en el municipio de Coatepec, pues consideraron que el edificio se encuentra en condiciones precarias y podr\u00eda ocurrir una tragedia.<\/p>\n\n\n\n<p>Comentaron, de manera an\u00f3nima, que sus hijos toman sus clases a la intemperie en los pasillos del plantel, mismo que se encuentra sobre la calle Melchor Ocampo, a un costado del Palacio Municipal y a contra esquina del parque Miguel Hidalgo.<\/p>\n\n\n\n<p>Se trata de los alumnos del quinto grado, grupo \u201cC\u201d, quienes se est\u00e1n viendo mayormente afectados por el deterioro del inmueble.<\/p>\n\n\n\n<p>Los pap\u00e1s mencionaron que a una maestra del sexto grado le cay\u00f3 un pedazo de una viga de madera. Incluso, hay salones que no est\u00e1n siendo utilizados porque representan un riesgo para alumnos y maestros.<\/p>\n\n\n\n<p>Mencionaron que los menores est\u00e1n expuestos a las condiciones clim\u00e1ticas, al carecer de aulas en buen estado para sus actividades acad\u00e9micas, pues cuando llueve hasta se mojan.<\/p>\n\n\n\n<p>La directora de la escuela, Zozaly Zurita P\u00e9rez, propuso a los padres de familia que los ni\u00f1os recibieran sus clases en un sal\u00f3n sindical o en la biblioteca municipal.<\/p>\n\n\n\n<p>Pero los tutores se opusieron, pues argumentaron que han cumplido con el pago de las cuotas de inscripci\u00f3n para el mantenimiento del inmueble.<\/p>\n\n\n\n<p>\u201cLos padres de familia le pedimos a la directora que nos diera la direcci\u00f3n como sal\u00f3n de clases y la directora dijo que s\u00ed, pero no cumpli\u00f3, a nuestros hijos les dio una bodeguita de cuatro por cuatro metros, donde se guardaban materiales de Educaci\u00f3n F\u00edsica y as\u00ed siguieron los ni\u00f1os hasta finales de febrero donde regresaron todos de manera presencial y este espacio ya no fue suficiente\u201d, expresaron.<\/p>\n\n\n\n<p>Los pap\u00e1s pidieron la intervenci\u00f3n de la Secretar\u00eda de Educaci\u00f3n de Veracruz (SEV) para que sea atendida la problem\u00e1tica y los menores cuenten con espacios dignos para continuar con sus estudios.<\/p>\n","protected":false},"excerpt":{"rendered":"<p>Juan Arcos Coatepec, Ver.- Madres y padres de familia est\u00e1n preocupados por los estudiantes de la escuela primaria \u201cBenito Ju\u00e1rez\u201d, ubicada en el municipio de Coatepec, pues consideraron que el edificio se encuentra en condiciones precarias y podr\u00eda ocurrir una tragedia. Comentaron, de manera an\u00f3nima, que sus hijos toman sus clases a la intemperie en [&hellip;]<\/p>\n","protected":false},"author":1,"featured_media":28434,"comment_status":"open","ping_status":"open","sticky":false,"template":"","format":"standard","meta":{"_jetpack_memberships_contains_paid_content":false,"footnotes":""},"categories":[8],"tags":[],"class_list":["post-28433","post","type-post","status-publish","format-standard","has-post-thumbnail","hentry","category-region"],"jetpack_featured_media_url":"https:\/\/encuentroinformativo.com.mx\/wp-content\/uploads\/2022\/06\/EA302B46-9B5C-4006-8539-3ABB9F0E1BBD.jpeg","jetpack_sharing_enabled":true,"jetpack_likes_enabled":true,"amp_enabled":true,"_links":{"self":[{"href":"https:\/\/encuentroinformativo.com.mx\/index.php?rest_route=\/wp\/v2\/posts\/28433","targetHints":{"allow":["GET"]}}],"collection":[{"href":"https:\/\/encuentroinformativo.com.mx\/index.php?rest_route=\/wp\/v2\/posts"}],"about":[{"href":"https:\/\/encuentroinformativo.com.mx\/index.php?rest_route=\/wp\/v2\/types\/post"}],"author":[{"embeddable":true,"href":"https:\/\/encuentroinformativo.com.mx\/index.php?rest_route=\/wp\/v2\/users\/1"}],"replies":[{"embeddable":true,"href":"https:\/\/encuentroinformativo.com.mx\/index.php?rest_route=%2Fwp%2Fv2%2Fcomments&post=28433"}],"version-history":[{"count":1,"href":"https:\/\/encuentroinformativo.com.mx\/index.php?rest_route=\/wp\/v2\/posts\/28433\/revisions"}],"predecessor-version":[{"id":28435,"href":"https:\/\/encuentroinformativo.com.mx\/index.php?rest_route=\/wp\/v2\/posts\/28433\/revisions\/28435"}],"wp:featuredmedia":[{"embeddable":true,"href":"https:\/\/encuentroinformativo.com.mx\/index.php?rest_route=\/wp\/v2\/media\/28434"}],"wp:attachment":[{"href":"https:\/\/encuentroinformativo.com.mx\/index.php?rest_route=%2Fwp%2Fv2%2Fmedia&parent=28433"}],"wp:term":[{"taxonomy":"category","embeddable":true,"href":"https:\/\/encuentroinformativo.com.mx\/index.php?rest_route=%2Fwp%2Fv2%2Fcategories&post=28433"},{"taxonomy":"post_tag","embeddable":true,"href":"https:\/\/encuentroinformativo.com.mx\/index.php?rest_route=%2Fwp%2Fv2%2Ftags&post=28433"}],"curies":[{"name":"wp","href":"https:\/\/api.w.org\/{rel}","templated":true}]}}