{"id":28448,"date":"2022-06-15T16:10:58","date_gmt":"2022-06-15T21:10:58","guid":{"rendered":"https:\/\/encuentroinformativo.com.mx\/?p=28448"},"modified":"2022-06-15T16:11:02","modified_gmt":"2022-06-15T21:11:02","slug":"padres-de-viridiana-proceden-por-desaparicion-forzada","status":"publish","type":"post","link":"https:\/\/encuentroinformativo.com.mx\/?p=28448","title":{"rendered":"Padres de Viridiana, proceden por desaparici\u00f3n forzada"},"content":{"rendered":"\n<p><strong>Dar\u00edo Pale <\/strong><\/p>\n\n\n\n<p>Xalapa, Ver.- El se\u00f1or Enrique Moreno Marini y Aurora V\u00e1squez Rosales acompa\u00f1ados del abogado Tomas Mundo Arriasa presentaron una denuncia ante la Fiscal\u00eda Especializada en Desaparici\u00f3n Forzada de Personas, por la no localizaci\u00f3n de Viridiana Moreno V\u00e1squez.<\/p>\n\n\n\n<p>En entrevista el abogado dio a conocer que la denuncia se present\u00f3 en contra de quien o quienes resulten responsables, en donde la l\u00ednea del tiempo de la denuncia, es un v\u00eddeo en donde el gobernador Cuitl\u00e1huac Garc\u00eda Jim\u00e9nez, afirm\u00f3 en Cardel, que no estaba desaparecida, sino que estaba resguardada.<\/p>\n\n\n\n<p>Acompa\u00f1ado de los padres de la joven, el se\u00f1or Enrique Moreno y Aurora V\u00e1squez, el abogado explic\u00f3 que la denuncia por desaparici\u00f3n es porque no saben si los restos que la Fiscal\u00eda quiere entregar al concubino de Viridiana, son o no de la joven.<\/p>\n\n\n\n<p>Dio a conocer que la FGE tiene una prueba de ADN, pero no la ha visto y a los pap\u00e1s de la joven, oriunda del municipio de Tlaltetela, solamente les mostraron &#8220;dibujitos&#8221; y les dijeron que era Viridiana.<\/p>\n\n\n\n<p>Inform\u00f3 que entregar\u00edan tambi\u00e9n un escrito a la fiscal general Ver\u00f3nica Hern\u00e1ndez Giad\u00e1ns, para solicitar un metaperitaje sobre el ADN de los restos que present\u00f3 a la familia de la joven.<\/p>\n\n\n\n<p>Explic\u00f3 que en dicho escrito est\u00e1n solicitando que sea un laboratorio certificado por la norma internacional, en la Ciudad de M\u00e9xico quien practique dicho metaperitaje.<\/p>\n\n\n\n<p>&#8220;Que determine si los restos que le quieren entregar a la familia son o no de Viridiana, s\u00ed eso es cierto se partir\u00e1 de lo que ya est\u00e1 en el proceso en Pacho&#8221;, indic\u00f3.<\/p>\n\n\n\n<p>Mundo Arriasa expres\u00f3 que lo que est\u00e1n cuestionando es el m\u00e9todo de c\u00f3mo determinaron a trav\u00e9s de ADN que son los restos de Viridiana.<\/p>\n\n\n\n<p>Agreg\u00f3 que si con base en lo dicho por el Gobernador, ella estaba resguardada y no es, alguien tendr\u00e1 que decir d\u00f3nde est\u00e1, por eso es que se presenta dicha denuncia.<\/p>\n\n\n\n<p>Por su parte, el se\u00f1or Enrique Moreno Marini inform\u00f3 que todav\u00eda no le entregan los restos localizados en Chachalacas, municipio de La Antigua, al concubino de Viridiana.<\/p>\n\n\n\n<p>&#8220;No tiene autorizaci\u00f3n \u00e9l para recibir los restos. Ellos llevaban diez a\u00f1os juntos, quiero pensar que no (tiene derecho) porque no estaban casados&#8221;, se\u00f1al\u00f3.<\/p>\n\n\n\n<p>&#8220;\u00c9l nos dice que conoc\u00eda a Viridiana y est\u00e1 seguro que es. Nosotros le dijimos que si est\u00e1 seguro que nos deje hacer la segunda prueba y ya estar seguro que es y ya veremos qu\u00e9 se hace&#8221;, agreg\u00f3.<\/p>\n\n\n\n<p>El padre de la joven desaparecida el pasado 18 de mayo de este a\u00f1o, aclar\u00f3 que no le han pedido al concubino que acepte o no los restos presentados, pero s\u00ed que est\u00e9 al margen de los ex\u00e1menes que est\u00e1n solicitando.<\/p>\n\n\n\n<p>Finalmente neg\u00f3 que hasta el momento hayan solicitado ayuda a alg\u00fan organismo internacional, el apoyo lo est\u00e1n recibiendo de la gente de su pueblo.<\/p>\n","protected":false},"excerpt":{"rendered":"<p>Dar\u00edo Pale Xalapa, Ver.- El se\u00f1or Enrique Moreno Marini y Aurora V\u00e1squez Rosales acompa\u00f1ados del abogado Tomas Mundo Arriasa presentaron una denuncia ante la Fiscal\u00eda Especializada en Desaparici\u00f3n Forzada de Personas, por la no localizaci\u00f3n de Viridiana Moreno V\u00e1squez. En entrevista el abogado dio a conocer que la denuncia se present\u00f3 en contra de quien [&hellip;]<\/p>\n","protected":false},"author":1,"featured_media":28449,"comment_status":"open","ping_status":"open","sticky":false,"template":"","format":"standard","meta":{"_jetpack_memberships_contains_paid_content":false,"footnotes":""},"categories":[2],"tags":[],"class_list":["post-28448","post","type-post","status-publish","format-standard","has-post-thumbnail","hentry","category-estado"],"jetpack_featured_media_url":"https:\/\/encuentroinformativo.com.mx\/wp-content\/uploads\/2022\/06\/80B1DC21-A3C8-49FB-BE14-36DB6E9D3B5C.jpeg","jetpack_sharing_enabled":true,"jetpack_likes_enabled":true,"amp_enabled":true,"_links":{"self":[{"href":"https:\/\/encuentroinformativo.com.mx\/index.php?rest_route=\/wp\/v2\/posts\/28448","targetHints":{"allow":["GET"]}}],"collection":[{"href":"https:\/\/encuentroinformativo.com.mx\/index.php?rest_route=\/wp\/v2\/posts"}],"about":[{"href":"https:\/\/encuentroinformativo.com.mx\/index.php?rest_route=\/wp\/v2\/types\/post"}],"author":[{"embeddable":true,"href":"https:\/\/encuentroinformativo.com.mx\/index.php?rest_route=\/wp\/v2\/users\/1"}],"replies":[{"embeddable":true,"href":"https:\/\/encuentroinformativo.com.mx\/index.php?rest_route=%2Fwp%2Fv2%2Fcomments&post=28448"}],"version-history":[{"count":1,"href":"https:\/\/encuentroinformativo.com.mx\/index.php?rest_route=\/wp\/v2\/posts\/28448\/revisions"}],"predecessor-version":[{"id":28450,"href":"https:\/\/encuentroinformativo.com.mx\/index.php?rest_route=\/wp\/v2\/posts\/28448\/revisions\/28450"}],"wp:featuredmedia":[{"embeddable":true,"href":"https:\/\/encuentroinformativo.com.mx\/index.php?rest_route=\/wp\/v2\/media\/28449"}],"wp:attachment":[{"href":"https:\/\/encuentroinformativo.com.mx\/index.php?rest_route=%2Fwp%2Fv2%2Fmedia&parent=28448"}],"wp:term":[{"taxonomy":"category","embeddable":true,"href":"https:\/\/encuentroinformativo.com.mx\/index.php?rest_route=%2Fwp%2Fv2%2Fcategories&post=28448"},{"taxonomy":"post_tag","embeddable":true,"href":"https:\/\/encuentroinformativo.com.mx\/index.php?rest_route=%2Fwp%2Fv2%2Ftags&post=28448"}],"curies":[{"name":"wp","href":"https:\/\/api.w.org\/{rel}","templated":true}]}}