{"id":28459,"date":"2022-06-15T16:42:35","date_gmt":"2022-06-15T21:42:35","guid":{"rendered":"https:\/\/encuentroinformativo.com.mx\/?p=28459"},"modified":"2022-06-15T16:42:39","modified_gmt":"2022-06-15T21:42:39","slug":"se-investiga-a-universidad-de-coatepec-gobernador","status":"publish","type":"post","link":"https:\/\/encuentroinformativo.com.mx\/?p=28459","title":{"rendered":"Se investiga a universidad de Coatepec: Gobernador"},"content":{"rendered":"\n<p><strong>Dar\u00edo Pale <\/strong><\/p>\n\n\n\n<p>Xalapa, Ver.- El gobierno de Veracruz va por la Universidad del Conde en la que se acredita a las llamadas &#8220;Maestr\u00edas en Cirug\u00eda Est\u00e9tica&#8221;, as\u00ed como en &#8220;Medicina Est\u00e9tica y Longevidad\u201d, as\u00ed lo se\u00f1al\u00f3 el gobernador Cuitl\u00e1huac Garc\u00eda Jim\u00e9nez.<\/p>\n\n\n\n<p>En conferencia de prensa dio a conocer que ya se inici\u00f3 la investigaci\u00f3n en contra de la Universidad del Conde, ubicada en el municipio de Coatepec, se le revisar\u00e1n las condiciones y circunstancias, as\u00ed como las caracter\u00edsticas acad\u00e9micas en las que funciona.<\/p>\n\n\n\n<p>Adem\u00e1s, advirti\u00f3 que la Secretar\u00eda de Educaci\u00f3n de Veracruz (SEV),no va a otorgar el reconocimiento de validez oficial de estudios sin que exista la emisi\u00f3n de la opini\u00f3n t\u00e9cnica-academica favorable.<\/p>\n\n\n\n<p>Inform\u00f3 que los que estudian ah\u00ed verifiquen el tener ese paso dado, porque tiene que ver con la salud, es importante, dijo, por tratarse de un tema de salud hay que hacer una valoraci\u00f3n final.<\/p>\n\n\n\n<p>Cabe recordar que este martes, el \u00a0presidente Andr\u00e9s Manuel L\u00f3pez Obrador, orden\u00f3 durante su conferencia matutina que de inmediato se investigue , y en su caso se clausure la autodenominada Universidad del Conde (UCD) en la que se acredita a las llamadas &#8220;Maestr\u00edas en Cirug\u00eda Est\u00e9tica&#8221;, as\u00ed como \u00a0en &#8220;Medicina Est\u00e9tica y Longevidad&#8221;.<\/p>\n","protected":false},"excerpt":{"rendered":"<p>Dar\u00edo Pale Xalapa, Ver.- El gobierno de Veracruz va por la Universidad del Conde en la que se acredita a las llamadas &#8220;Maestr\u00edas en Cirug\u00eda Est\u00e9tica&#8221;, as\u00ed como en &#8220;Medicina Est\u00e9tica y Longevidad\u201d, as\u00ed lo se\u00f1al\u00f3 el gobernador Cuitl\u00e1huac Garc\u00eda Jim\u00e9nez. En conferencia de prensa dio a conocer que ya se inici\u00f3 la investigaci\u00f3n en [&hellip;]<\/p>\n","protected":false},"author":1,"featured_media":28460,"comment_status":"open","ping_status":"open","sticky":false,"template":"","format":"standard","meta":{"_jetpack_memberships_contains_paid_content":false,"footnotes":""},"categories":[8],"tags":[],"class_list":["post-28459","post","type-post","status-publish","format-standard","has-post-thumbnail","hentry","category-region"],"jetpack_featured_media_url":"https:\/\/encuentroinformativo.com.mx\/wp-content\/uploads\/2022\/06\/8E470A2F-6495-4EED-BAEC-CFF1A38C4DAB.jpeg","jetpack_sharing_enabled":true,"jetpack_likes_enabled":true,"amp_enabled":true,"_links":{"self":[{"href":"https:\/\/encuentroinformativo.com.mx\/index.php?rest_route=\/wp\/v2\/posts\/28459","targetHints":{"allow":["GET"]}}],"collection":[{"href":"https:\/\/encuentroinformativo.com.mx\/index.php?rest_route=\/wp\/v2\/posts"}],"about":[{"href":"https:\/\/encuentroinformativo.com.mx\/index.php?rest_route=\/wp\/v2\/types\/post"}],"author":[{"embeddable":true,"href":"https:\/\/encuentroinformativo.com.mx\/index.php?rest_route=\/wp\/v2\/users\/1"}],"replies":[{"embeddable":true,"href":"https:\/\/encuentroinformativo.com.mx\/index.php?rest_route=%2Fwp%2Fv2%2Fcomments&post=28459"}],"version-history":[{"count":1,"href":"https:\/\/encuentroinformativo.com.mx\/index.php?rest_route=\/wp\/v2\/posts\/28459\/revisions"}],"predecessor-version":[{"id":28461,"href":"https:\/\/encuentroinformativo.com.mx\/index.php?rest_route=\/wp\/v2\/posts\/28459\/revisions\/28461"}],"wp:featuredmedia":[{"embeddable":true,"href":"https:\/\/encuentroinformativo.com.mx\/index.php?rest_route=\/wp\/v2\/media\/28460"}],"wp:attachment":[{"href":"https:\/\/encuentroinformativo.com.mx\/index.php?rest_route=%2Fwp%2Fv2%2Fmedia&parent=28459"}],"wp:term":[{"taxonomy":"category","embeddable":true,"href":"https:\/\/encuentroinformativo.com.mx\/index.php?rest_route=%2Fwp%2Fv2%2Fcategories&post=28459"},{"taxonomy":"post_tag","embeddable":true,"href":"https:\/\/encuentroinformativo.com.mx\/index.php?rest_route=%2Fwp%2Fv2%2Ftags&post=28459"}],"curies":[{"name":"wp","href":"https:\/\/api.w.org\/{rel}","templated":true}]}}