{"id":28465,"date":"2022-06-15T16:50:28","date_gmt":"2022-06-15T21:50:28","guid":{"rendered":"https:\/\/encuentroinformativo.com.mx\/?p=28465"},"modified":"2022-06-15T16:50:31","modified_gmt":"2022-06-15T21:50:31","slug":"dif-de-boca-del-rio-resguarda-a-menor-guatemalteca","status":"publish","type":"post","link":"https:\/\/encuentroinformativo.com.mx\/?p=28465","title":{"rendered":"DIF de Boca del R\u00edo resguarda a menor guatemalteca"},"content":{"rendered":"\n<p><strong>Alejandro \u00c1vila<\/strong><\/p>\n\n\n\n<p>Boca del R\u00edo, Ver.- La directora del DIF de Boca del R\u00edo, Yamilet Herrera D\u00edaz confirm\u00f3 que, el \u00e1rea a su cargo mantiene en resguardo a una menor de edad guatemalteca, debido a que su madre se encuentra hospitalizada.<\/p>\n\n\n\n<p>La madre de la peque\u00f1a de dos a\u00f1os se encuentra internada en el Hospital Regional de Boca del R\u00edo, debido a que estaba apunto de dar a luz, por lo que el DIF Municipal efectu\u00f3 el resguardo de la menor.<\/p>\n\n\n\n<p>&#8220;Ella ingresa por el estado adelantado de embarazo, obviamente en el intento de trasladarse a los Estados Unidos por tener a su beb\u00e9, estaba embarazada, 8 meses de gestaci\u00f3n, tiene un accidente, en el inter las autoridades migratorias la apoyan, hoy est\u00e1 en el Hospital Regional, el d\u00eda de ayer nace al mediod\u00eda un menor, var\u00f3n, un peque\u00f1o ni\u00f1o, nace en buenas condiciones, ahorita las condiciones de la mam\u00e1 son un poco adversas, estamos a la espera de que evolucione, y de qu\u00e9 evolucione para que tambi\u00e9n pueda estar con su peque\u00f1a hija y tambi\u00e9n con el reci\u00e9n nacido&#8221;, declar\u00f3 Herrera D\u00edaz.<\/p>\n\n\n\n<p>El Ayuntamiento de Boca del R\u00edo a trav\u00e9s del DIF Municipal se encuentra en contacto con el Consulado de Guatemala para encontrar a su familia en su pa\u00eds de origen.<\/p>\n\n\n\n<p>&#8220;S\u00ed, s\u00ed hay un retorno asistido, en este caso el Consulado ya encontr\u00f3 familia, entonces se apoya de manera asistencial a la familia de Guatemala, para que vengan apoyo de sus familiares, de esos peque\u00f1itos, en este inter, obviamente como sistema vamos a estar al resguardo totalmente de ellos, vamos a darles todo el apoyo, hasta que lleguen sus familiares de su pa\u00eds de origen&#8221;, apunt\u00f3.<\/p>\n\n\n\n<p>La funcionaria municipal reconoci\u00f3 qu\u00e9, el municipio de Boca del R\u00edo pocas veces trabaja con el Instituto Nacional de Migraci\u00f3n (INM), ya que la sede se encuentra en el municipio de Veracruz, y aclar\u00f3 que, este es el primer caso de este tipo que se da en los 6 meses que llevan de administraci\u00f3n.<\/p>\n","protected":false},"excerpt":{"rendered":"<p>Alejandro \u00c1vila Boca del R\u00edo, Ver.- La directora del DIF de Boca del R\u00edo, Yamilet Herrera D\u00edaz confirm\u00f3 que, el \u00e1rea a su cargo mantiene en resguardo a una menor de edad guatemalteca, debido a que su madre se encuentra hospitalizada. La madre de la peque\u00f1a de dos a\u00f1os se encuentra internada en el Hospital [&hellip;]<\/p>\n","protected":false},"author":1,"featured_media":28466,"comment_status":"open","ping_status":"open","sticky":false,"template":"","format":"standard","meta":{"_jetpack_memberships_contains_paid_content":false,"footnotes":""},"categories":[2],"tags":[],"class_list":["post-28465","post","type-post","status-publish","format-standard","has-post-thumbnail","hentry","category-estado"],"jetpack_featured_media_url":"https:\/\/encuentroinformativo.com.mx\/wp-content\/uploads\/2022\/06\/5B70C01C-2F17-4E53-98FC-D064DC2B7C2D.jpeg","jetpack_sharing_enabled":true,"jetpack_likes_enabled":true,"amp_enabled":true,"_links":{"self":[{"href":"https:\/\/encuentroinformativo.com.mx\/index.php?rest_route=\/wp\/v2\/posts\/28465","targetHints":{"allow":["GET"]}}],"collection":[{"href":"https:\/\/encuentroinformativo.com.mx\/index.php?rest_route=\/wp\/v2\/posts"}],"about":[{"href":"https:\/\/encuentroinformativo.com.mx\/index.php?rest_route=\/wp\/v2\/types\/post"}],"author":[{"embeddable":true,"href":"https:\/\/encuentroinformativo.com.mx\/index.php?rest_route=\/wp\/v2\/users\/1"}],"replies":[{"embeddable":true,"href":"https:\/\/encuentroinformativo.com.mx\/index.php?rest_route=%2Fwp%2Fv2%2Fcomments&post=28465"}],"version-history":[{"count":1,"href":"https:\/\/encuentroinformativo.com.mx\/index.php?rest_route=\/wp\/v2\/posts\/28465\/revisions"}],"predecessor-version":[{"id":28467,"href":"https:\/\/encuentroinformativo.com.mx\/index.php?rest_route=\/wp\/v2\/posts\/28465\/revisions\/28467"}],"wp:featuredmedia":[{"embeddable":true,"href":"https:\/\/encuentroinformativo.com.mx\/index.php?rest_route=\/wp\/v2\/media\/28466"}],"wp:attachment":[{"href":"https:\/\/encuentroinformativo.com.mx\/index.php?rest_route=%2Fwp%2Fv2%2Fmedia&parent=28465"}],"wp:term":[{"taxonomy":"category","embeddable":true,"href":"https:\/\/encuentroinformativo.com.mx\/index.php?rest_route=%2Fwp%2Fv2%2Fcategories&post=28465"},{"taxonomy":"post_tag","embeddable":true,"href":"https:\/\/encuentroinformativo.com.mx\/index.php?rest_route=%2Fwp%2Fv2%2Ftags&post=28465"}],"curies":[{"name":"wp","href":"https:\/\/api.w.org\/{rel}","templated":true}]}}