{"id":28469,"date":"2022-06-15T19:48:51","date_gmt":"2022-06-16T00:48:51","guid":{"rendered":"https:\/\/encuentroinformativo.com.mx\/?p=28469"},"modified":"2022-06-15T19:48:55","modified_gmt":"2022-06-16T00:48:55","slug":"trabajador-de-megacable-muere-electrocutado-en-colonia-de-veracruz-puerto","status":"publish","type":"post","link":"https:\/\/encuentroinformativo.com.mx\/?p=28469","title":{"rendered":"Trabajador de Megacable muere electrocutado en colonia de Veracruz puerto"},"content":{"rendered":"\n<p><strong>Alejandro \u00c1vila<\/strong><\/p>\n\n\n\n<p><strong>Fotos: <\/strong>Sergio Aldazaba\/Cortes\u00eda<\/p>\n\n\n\n<p>Veracruz, Ver.- Un empleado de la empresa Megacable muri\u00f3 electrocutado la tarde de este mi\u00e9rcoles en la colonia Valente D\u00edaz del municipio de Veracruz.<\/p>\n\n\n\n<p>El relato de los testigos aseguran que fueron hechos desgarradores, pues el joven qued\u00f3 pr\u00e1cticamente carbonizado en la parte alta del poste donde trabajaba.<\/p>\n\n\n\n<p>Los primeros indicios mencionan que se trat\u00f3 de un accidente; los hechos ocurrieron en la carretera a Dos Lomas, justo entre la calle 9 y Coral.<\/p>\n\n\n\n<p>El empleado pertenec\u00eda a la empresa, Industrias Permo S.A de C.V (IPE), misma a la que se le concesionan los trabajos para conexi\u00f3n de cable, telefon\u00eda o internet, de la empresa Megacable en Veracruz.<\/p>\n\n\n\n<p>Sus compa\u00f1eros de trabajo, qui\u00e9nes lamentaron el haber podido ayudarlo se\u00f1alaron que, su colega toc\u00f3 por accidente cables de la Comisi\u00f3n Federal de Electricidad (CFE), lo cual provoc\u00f3 terminara electrocutado; el hoy occiso fue identificado como Leonel M. P. de 24 a\u00f1os de edad, y oriundo de la Ciudad de M\u00e9xico.<\/p>\n\n\n\n<p>Los testigos mencionaron que, tras el incidente, el cuerpo del joven ardi\u00f3 en llamas; sin embargo, no cay\u00f3 de golpe al suelo debido que estaba sujetado al arn\u00e9s de seguridad.<\/p>\n\n\n\n<p>Los primeros respondientes fueron los elementos de la Polic\u00eda Estatal y Guardia Nacional, qui\u00e9nes acordonaron el \u00e1rea; posteriormente, una cuadrilla de CFE acudi\u00f3 al sitio para cortar la energ\u00eda el\u00e9ctrica.<\/p>\n\n\n\n<p>Elementos del Heroico Cuerpo de Bomberos de Veracruz acudieron al sitio, donde prestaron un cami\u00f3n tipo escala para realizar las maniobra y poder descender el cad\u00e1ver del joven.<\/p>\n\n\n\n<p>Finalmente, agentes de la direcci\u00f3n de servicios periciales lo subi\u00f3 a una de sus unidades y fue retirado a las instalaciones del SEMEFO.<\/p>\n\n\n\n<figure class=\"wp-block-image size-large\"><img loading=\"lazy\" decoding=\"async\" width=\"1024\" height=\"678\" src=\"https:\/\/encuentroinformativo.com.mx\/wp-content\/uploads\/2022\/06\/70C61529-0222-44CB-8F43-E0D84666C4FA-1024x678.jpeg\" alt=\"\" class=\"wp-image-28471\" srcset=\"https:\/\/encuentroinformativo.com.mx\/wp-content\/uploads\/2022\/06\/70C61529-0222-44CB-8F43-E0D84666C4FA-1024x678.jpeg 1024w, https:\/\/encuentroinformativo.com.mx\/wp-content\/uploads\/2022\/06\/70C61529-0222-44CB-8F43-E0D84666C4FA-300x199.jpeg 300w, https:\/\/encuentroinformativo.com.mx\/wp-content\/uploads\/2022\/06\/70C61529-0222-44CB-8F43-E0D84666C4FA-768x508.jpeg 768w, https:\/\/encuentroinformativo.com.mx\/wp-content\/uploads\/2022\/06\/70C61529-0222-44CB-8F43-E0D84666C4FA-1536x1017.jpeg 1536w, https:\/\/encuentroinformativo.com.mx\/wp-content\/uploads\/2022\/06\/70C61529-0222-44CB-8F43-E0D84666C4FA.jpeg 1600w\" sizes=\"auto, (max-width: 1024px) 100vw, 1024px\" \/><\/figure>\n","protected":false},"excerpt":{"rendered":"<p>Alejandro \u00c1vila Fotos: Sergio Aldazaba\/Cortes\u00eda Veracruz, Ver.- Un empleado de la empresa Megacable muri\u00f3 electrocutado la tarde de este mi\u00e9rcoles en la colonia Valente D\u00edaz del municipio de Veracruz. El relato de los testigos aseguran que fueron hechos desgarradores, pues el joven qued\u00f3 pr\u00e1cticamente carbonizado en la parte alta del poste donde trabajaba. Los primeros [&hellip;]<\/p>\n","protected":false},"author":1,"featured_media":28470,"comment_status":"open","ping_status":"open","sticky":false,"template":"","format":"standard","meta":{"_jetpack_memberships_contains_paid_content":false,"footnotes":""},"categories":[14],"tags":[],"class_list":["post-28469","post","type-post","status-publish","format-standard","has-post-thumbnail","hentry","category-policiaca"],"jetpack_featured_media_url":"https:\/\/encuentroinformativo.com.mx\/wp-content\/uploads\/2022\/06\/1D1E6D54-0098-4094-992D-AF815F1A29EB.jpeg","jetpack_sharing_enabled":true,"jetpack_likes_enabled":true,"amp_enabled":true,"_links":{"self":[{"href":"https:\/\/encuentroinformativo.com.mx\/index.php?rest_route=\/wp\/v2\/posts\/28469","targetHints":{"allow":["GET"]}}],"collection":[{"href":"https:\/\/encuentroinformativo.com.mx\/index.php?rest_route=\/wp\/v2\/posts"}],"about":[{"href":"https:\/\/encuentroinformativo.com.mx\/index.php?rest_route=\/wp\/v2\/types\/post"}],"author":[{"embeddable":true,"href":"https:\/\/encuentroinformativo.com.mx\/index.php?rest_route=\/wp\/v2\/users\/1"}],"replies":[{"embeddable":true,"href":"https:\/\/encuentroinformativo.com.mx\/index.php?rest_route=%2Fwp%2Fv2%2Fcomments&post=28469"}],"version-history":[{"count":1,"href":"https:\/\/encuentroinformativo.com.mx\/index.php?rest_route=\/wp\/v2\/posts\/28469\/revisions"}],"predecessor-version":[{"id":28472,"href":"https:\/\/encuentroinformativo.com.mx\/index.php?rest_route=\/wp\/v2\/posts\/28469\/revisions\/28472"}],"wp:featuredmedia":[{"embeddable":true,"href":"https:\/\/encuentroinformativo.com.mx\/index.php?rest_route=\/wp\/v2\/media\/28470"}],"wp:attachment":[{"href":"https:\/\/encuentroinformativo.com.mx\/index.php?rest_route=%2Fwp%2Fv2%2Fmedia&parent=28469"}],"wp:term":[{"taxonomy":"category","embeddable":true,"href":"https:\/\/encuentroinformativo.com.mx\/index.php?rest_route=%2Fwp%2Fv2%2Fcategories&post=28469"},{"taxonomy":"post_tag","embeddable":true,"href":"https:\/\/encuentroinformativo.com.mx\/index.php?rest_route=%2Fwp%2Fv2%2Ftags&post=28469"}],"curies":[{"name":"wp","href":"https:\/\/api.w.org\/{rel}","templated":true}]}}