{"id":28476,"date":"2022-06-16T09:39:34","date_gmt":"2022-06-16T14:39:34","guid":{"rendered":"https:\/\/encuentroinformativo.com.mx\/?p=28476"},"modified":"2022-06-16T09:39:38","modified_gmt":"2022-06-16T14:39:38","slug":"cuando-los-malandros-casi-cancelan-la-fiesta-patronal-de-tlalnelhuayocan","status":"publish","type":"post","link":"https:\/\/encuentroinformativo.com.mx\/?p=28476","title":{"rendered":"CUANDO LOS MALANDROS CASI CANCELAN LA FIESTA PATRONAL DE TLALNELHUAYOCAN"},"content":{"rendered":"\n<p><strong>ColumnaSinNombre<br>@pablojair<\/strong><\/p>\n\n\n\n<ul class=\"wp-block-list\"><li>Revira la SEV: Universidad del Conde no renov\u00f3 RVOE.<\/li><li>El capricho de una \u201creinis\u201d de la Cuarta Transformeishion.<\/li><li>De Minatitl\u00e1n, la suplente de la diputada del PAN fallecida.<\/li><\/ul>\n\n\n\n<p>Lo que es el pag\u00fcer de una YouTuber<br>con un Honoris Causa patito\u2026<br>El Cuarto Poder en tiempos de la 4T\u2026<br>\u2014Chopenjawer<\/p>\n\n\n\n<p>Por estos d\u00edas se realiz\u00f3 la fiesta patronal de San Antonio, en el municipio de Tlalnelhuayocan (muy cerca de Xalapa), y la historia de esta edici\u00f3n fue un verdadero triunfo.<\/p>\n\n\n\n<p>Resulta que, como todos los a\u00f1os, los pobladores se prepararon desde hace semanas para los festejos, mismos que son organizados por un mayordomo.<\/p>\n\n\n\n<p>Desgraciadamente, un grupo de malandros lleg\u00f3 hasta su casa y lo asaltaron con violencia. Los delincuentes se llevaron todo el dinero que hab\u00eda cooperado el pueblo para la fiesta patronal.<\/p>\n\n\n\n<p>\u00bfY la polic\u00eda? Ni sus luces\u2026 De hecho, se sabe que una persona lesionada en el asalto tuvo que moverse por sus propios medios a atenderse m\u00e9dicamente. Cuentan que la ambulancia lleg\u00f3 tarde, para variar.<\/p>\n\n\n\n<p>Total que sin dinero, pues no hab\u00eda fiesta, se cancel\u00f3 lo programado (incluido un grupo que ven\u00eda desde Puebla) y todo estaba por irse al carajo.<\/p>\n\n\n\n<p>Pero la banda es la banda: el pueblo se organiz\u00f3 y s\u00ed hubo festejos. Hubo quienes aportaron la comida para toda la gente y a los bailes le entraron &#8220;de a grapa&#8221; los que tienen bocinas y equipos de sonido.<\/p>\n\n\n\n<p>Tambi\u00e9n le entraron al quite algunos grupos locales y desde el s\u00e1bado pasado estuvieron haciendo bailes gratis que terminaron el lunes.<\/p>\n\n\n\n<p>Eso por una parte: la gente que se solidariz\u00f3 como pueblo para no s\u00f3lo sacar adelante una fiesta patronal, sino para mostrar que hay voluntades por encima de las amenazas. La flota no se ag\u00fcito.<\/p>\n\n\n\n<p>Y por otro lado \u00bfy d\u00f3nde andaba la autoridad?<\/p>\n\n\n\n<p>Se supone, por ejemplo, que la alcaldesa Fanny Mu\u00f1oz (Morena) ya sabe del asunto, pero haga de cuenta que ni siquiera se acerc\u00f3 a platicar con los pobladores.<\/p>\n\n\n\n<p>Peor a\u00fan: teniendo su familia una empresa de seguridad privada, m\u00ednimo deber\u00eda tener los m\u00e1s paup\u00e9rrimos sistemas de vigilancia o tener la informaci\u00f3n de inteligencia (chismes) que circulan en el \u00e1mbito policiaco.<\/p>\n\n\n\n<p>Lo m\u00e1s terrible es que traiga a gente que trabaj\u00f3 como escoltas del exgobernador Miguel Alem\u00e1n Velasco (quesque eran entrenados en Israel, Estados Unidos y hasta por el Chapul\u00edn Colorado); de hecho, es p\u00fablico y conocido que el pap\u00e1 de la alcaldesa era parte de esos &#8220;guachomas&#8221;.<\/p>\n\n\n\n<p>Hasta el momento no se sabe nada de reforzamiento de la seguridad ni que se est\u00e9n buscando a los malandrines. Esto, comentan en Tlalnelhuayocan, nunca antes hab\u00eda pasado.<\/p>\n\n\n\n<p>Siendo un pueblo muy tranquilo, a\u00fan as\u00ed se est\u00e1n escuchando graves versiones de que han intentado robar a menores de edad, que se escuchan balazos por las noches y han habido robos en algunas casas.<\/p>\n\n\n\n<p>La gente, al parecer, por temor prefiere no denunciar y no es para menos: si unos vatos casi les tiran la fiesta patronal y la polic\u00eda no reaccion\u00f3, entonces mejor como dicen los gabachos: &#8220;Move on!&#8221; y a &#8220;\u00c9chale pa\u2019elante&#8221;.<\/p>\n\n\n\n<p><strong>NOTA PARA PEGAR EN EL REFRI: <\/strong>A trav\u00e9s de un comunicado, la Secretar\u00eda de Educaci\u00f3n de Veracruz (SEV) dio su versi\u00f3n sobre el caso de la Universidad del Conde, ubicada en Coatepec, que fue se\u00f1alada de supuestamente otorgar estudios de cirug\u00eda est\u00e9tica sin la licencia correspondiente\u2026 Se lee en el comunicado: \u201cEn el caso espec\u00edfico de la Universidad del Conde que oferta la Maestr\u00eda en Medicina Est\u00e9tica y Longevidad, con una duraci\u00f3n de cuatro semestres, en sistema escolarizado, presencial, se anuncia en su p\u00e1gina oficial con el registro ES\/051\/2014, el cual no fue renovado por la SEV\u201d\u2026 Y explica: \u201cAl inicio de la actual administraci\u00f3n se hizo una revisi\u00f3n de los Registros de Validez Oficial de Estudios (RVOE) de instituciones, planes y programas veracruzanos con base en la modificaci\u00f3n que se hizo a la Ley General de Educaci\u00f3n en 2017 y que tuvo efecto en 2019, retirando aquellos vinculados con temas de salud para que los interesados realizaran el tr\u00e1mite a nivel federal, como se estipula en la legislaci\u00f3n, asever\u00f3 el secretario de Educaci\u00f3n, Zenyazen Escobar Garc\u00eda. En este sentido, se\u00f1al\u00f3 que las instituciones que imparten planes y programas relacionados con el sector salud y que han insistido en contar con el RVOE, se les ha referido que deben acudir con las autoridades federales correspondientes, pues no compete a la Secretar\u00eda de Educaci\u00f3n de Veracruz (SEV) otorgarlo\u201d.<\/p>\n\n\n\n<p><strong>OTRA NOTA: <\/strong>\u00bfY de d\u00f3nde viene todo este despapaye de la Universidad del Conde? Porque la quejosa es una conocida YouTuber llamada Sandra Aguilera, quien asiste regularmente a las conferencias \u201cma\u00f1aneras\u201d del presidente L\u00f3pez Obrador, conocida por ser parte del grupo de los pol\u00e9micos \u201cperiodistas\u201d que acuden m\u00e1s a hacer gestiones personales que preguntarle cosas serias al presidente; tambi\u00e9n se acordar\u00e1 de ella porque con sus compa\u00f1eros (como el famoso \u201cLord Mol\u00e9cula\u201d) recibieron en 2020 un Honoris Causa de esos \u201cpatito\u201d\u2026 Cabe mencionar que la se\u00f1ora fue esc\u00e1ndalo nacional enero del a\u00f1o pasado porque se hab\u00eda reportado como desaparecida, cuando en realidad se encontraba convaleciente de una mala cirug\u00eda de reducci\u00f3n de cintura\u2026 En fin, m\u00e1s bien pareciera que lo que se disfraza como una situaci\u00f3n que afecta al bien com\u00fan, es un mero berrinche que convierte el capricho est\u00e9tico en tema de la agenda nacional\u2026 \u201cReinis\u201d y \u201cBarbies\u201d, les dec\u00edan en pasados sexenios en Veracruz.<\/p>\n\n\n\n<p><strong>LA \u00daLTIMA PORQUE NO HAB\u00cdA JUGADO EL ASSASSIN&#8217;S CREED: ORIGINS Y YA CASI ALCANZO NIVEL 30 COMO MEDJAY:<\/strong> Karla Ver\u00f3nica Gonz\u00e1lez Cruz, oriunda de Minatitl\u00e1n y panista de cepa, ser\u00e1 la que suplir\u00e1 a Alma Rosa Hern\u00e1ndez Escobar, la legisladora plurinominal que falleci\u00f3 recientemente en el cargo. Seg\u00fan comentan, es la segunda vez que asume el cargo como suplente, ya que tambi\u00e9n relev\u00f3 a Julio Salda\u00f1a Moran en una anterior legislatura.<\/p>\n","protected":false},"excerpt":{"rendered":"<p>ColumnaSinNombre@pablojair Revira la SEV: Universidad del Conde no renov\u00f3 RVOE. El capricho de una \u201creinis\u201d de la Cuarta Transformeishion. De Minatitl\u00e1n, la suplente de la diputada del PAN fallecida. Lo que es el pag\u00fcer de una YouTubercon un Honoris Causa patito\u2026El Cuarto Poder en tiempos de la 4T\u2026\u2014Chopenjawer Por estos d\u00edas se realiz\u00f3 la fiesta [&hellip;]<\/p>\n","protected":false},"author":1,"featured_media":488,"comment_status":"open","ping_status":"open","sticky":false,"template":"","format":"standard","meta":{"_jetpack_memberships_contains_paid_content":false,"footnotes":""},"categories":[11],"tags":[],"class_list":["post-28476","post","type-post","status-publish","format-standard","has-post-thumbnail","hentry","category-opinion"],"jetpack_featured_media_url":"https:\/\/encuentroinformativo.com.mx\/wp-content\/uploads\/2020\/03\/F471F608-BA1A-416B-BA7B-BCFB24F4E6D0.jpeg","jetpack_sharing_enabled":true,"jetpack_likes_enabled":true,"amp_enabled":true,"_links":{"self":[{"href":"https:\/\/encuentroinformativo.com.mx\/index.php?rest_route=\/wp\/v2\/posts\/28476","targetHints":{"allow":["GET"]}}],"collection":[{"href":"https:\/\/encuentroinformativo.com.mx\/index.php?rest_route=\/wp\/v2\/posts"}],"about":[{"href":"https:\/\/encuentroinformativo.com.mx\/index.php?rest_route=\/wp\/v2\/types\/post"}],"author":[{"embeddable":true,"href":"https:\/\/encuentroinformativo.com.mx\/index.php?rest_route=\/wp\/v2\/users\/1"}],"replies":[{"embeddable":true,"href":"https:\/\/encuentroinformativo.com.mx\/index.php?rest_route=%2Fwp%2Fv2%2Fcomments&post=28476"}],"version-history":[{"count":1,"href":"https:\/\/encuentroinformativo.com.mx\/index.php?rest_route=\/wp\/v2\/posts\/28476\/revisions"}],"predecessor-version":[{"id":28477,"href":"https:\/\/encuentroinformativo.com.mx\/index.php?rest_route=\/wp\/v2\/posts\/28476\/revisions\/28477"}],"wp:featuredmedia":[{"embeddable":true,"href":"https:\/\/encuentroinformativo.com.mx\/index.php?rest_route=\/wp\/v2\/media\/488"}],"wp:attachment":[{"href":"https:\/\/encuentroinformativo.com.mx\/index.php?rest_route=%2Fwp%2Fv2%2Fmedia&parent=28476"}],"wp:term":[{"taxonomy":"category","embeddable":true,"href":"https:\/\/encuentroinformativo.com.mx\/index.php?rest_route=%2Fwp%2Fv2%2Fcategories&post=28476"},{"taxonomy":"post_tag","embeddable":true,"href":"https:\/\/encuentroinformativo.com.mx\/index.php?rest_route=%2Fwp%2Fv2%2Ftags&post=28476"}],"curies":[{"name":"wp","href":"https:\/\/api.w.org\/{rel}","templated":true}]}}