{"id":28478,"date":"2022-06-16T09:44:59","date_gmt":"2022-06-16T14:44:59","guid":{"rendered":"https:\/\/encuentroinformativo.com.mx\/?p=28478"},"modified":"2022-06-16T09:45:02","modified_gmt":"2022-06-16T14:45:02","slug":"2024-mucho-hombre","status":"publish","type":"post","link":"https:\/\/encuentroinformativo.com.mx\/?p=28478","title":{"rendered":"2024: Mucho hombre"},"content":{"rendered":"\n<p><strong>Los Pol\u00edticos<\/strong><\/p>\n\n\n\n<p><strong>Salvador Mu\u00f1oz<\/strong><\/p>\n\n\n\n<p>La competencia por la candidatura a la Gubernatura de Veracruz, al menos en las dos fuerzas pol\u00edticas locales, tiene de todo, pero no mujeres\u2026 al menos para darle equilibrio a esta contienda de estufa\u2026 nada m\u00e1s una mujer por Morena, Roc\u00edo Nahle, seguida de Sergio Guti\u00e9rrez Luna, Juan Javier G\u00f3mez Cazar\u00edn, Zenyazen Escobar, Eric Cisneros Burgos y Jos\u00e9 Luis Lima Franco\u2026 \u00a1cinco varones y una dama!<\/p>\n\n\n\n<p>En el caso del PAN, quien a todas luces encabezar\u00eda la candidatura por la gubernatura si va en alianza con PRI y PRD y en una de \u00e9sas, a\u00fan uni\u00e9ndose Movimiento Ciudadano, se tienen dos varones: Julen Rementer\u00eda y Fernando Yunes M\u00e1rquez\u2026 \u00bfmujeres azules? \u00a1Ni sus luces! \u00bfPri\u00edstas? Anil\u00fa Ingram, pero la posibilidad s\u00f3lo se fortalecer\u00eda si el PRI fuera solo\u2026 \u00bfPRD? Si me dice un nombre de peso, se la compro!<\/p>\n\n\n\n<p>\u00bfMovimiento Ciudadano? Muchas mujeres, pero ninguna con el tama\u00f1o y peso para ser considerada una opci\u00f3n, a menos que el vecino Sergio Gil Rull\u00e1n diga lo contrario.<\/p>\n\n\n\n<p>Mientras, podemos hablar que los hombres acaparan las intenciones por la candidatura a la Gubernatura para este 2024 aunado a la ca\u00edda libre que al menos en este momento, lleva Roc\u00edo Nahle.<\/p>\n\n\n\n<p>En lo que respecta a Morena, hay quienes ven en las \u201ccorcholatas\u201d estatales un juego pol\u00edtico de dos bandas:<\/p>\n\n\n\n<p>La Primera Banda pretende que la caballada de Morena se vea gorda, maciza, robusta al lado de la Caballada de la Oposici\u00f3n, an\u00e9mica, muy flaca, tilica, que si van las cosas como siguen, pondr\u00eda de nuevo en el ring pol\u00edtico, a dos panistas que en su momento, buscaron la Senadur\u00eda y s\u00f3lo uno de ellos lleg\u00f3\u2026 Fernando. Al tiempo, lleg\u00f3 Julen\u2026 las circunstancias quiz\u00e1s los pondr\u00edan de nuevo a competir ahora por la candidatura por la gubernatura en el 2024\u2026<\/p>\n\n\n\n<p>La segunda Banda es la m\u00e1s interesante\u2026 la idea de sacar de repente, debajo de la manga, cuatro cartas para sumarlas a las de Nahle y Sergio, tiene su chiste\u2026 cada uno de estos jugadores, incluidos los dos primeros, se van a vender como si fueran Kylian Mbapp\u00e9, Messi, Hugo S\u00e1nchez, Maradona, Pel\u00e9, por citar algunos ejemplos generacionales\u2026 \u00bfPara qu\u00e9? Bueno, cada uno de ellos sabe que para la Gubernatura, nada m\u00e1s hay un boleto\u2026 luego entonces, tienen que aquilatarse para sacar boleto en otras latitudes, \u00bfcomo cu\u00e1les? \u00bfQu\u00e9 le parecen los esca\u00f1os? \u00bfO bien las curules federales?<\/p>\n\n\n\n<p>A ojo de buen cubero, tanto Senadur\u00edas como Diputaciones federales f\u00e1cilmente alcanzar\u00eda para los seis suspirantes de Morena salvo un ligero detalle\u2026 \u00a1la bendita paridad! Y se puede decir que busc\u00e1ndole, en lo que respecta a las curules federales, los varones pueden alcanzar boleto, pero no todos, al menos los que suspiren por un esca\u00f1o si no tienen suerte en el boleto a la Gubernatura, podr\u00edan ganarla\u2026<\/p>\n\n\n\n<p>Al menos, se habla de Sergio Guti\u00e9rrez, Juan Javier G\u00f3mez Cazar\u00edn y Eric \u201cBola 8\u201d Cisneros Burgos para buscar la Senadur\u00eda si no les favorece el Dedo del Se\u00f1or\u2026 \u00bfy las mujeres?<\/p>\n\n\n\n<p>Digo, si tomamos el tema de la paridad, creo que el asunto ya no es qu\u00e9 var\u00f3n ir\u00eda por un esca\u00f1o, sino saber qu\u00e9 mujer lo acompa\u00f1ar\u00eda\u2026<\/p>\n\n\n\n<p>(En una de \u00e9sas, por parte de la Oposici\u00f3n, ah\u00ed cabr\u00eda Anil\u00fa Ingram)<\/p>\n\n\n\n<p>Voltee a Morena y d\u00edgame qu\u00e9 mujeres de tama\u00f1o tiene para lanzarse al ruedo\u2026 en el Congreso local, si la circunstancia favorece a Sergio Guti\u00e9rrez, a lo mejor Jessica Ram\u00edrez Cisneros\u2026 \u00bfy si volteamos al Gabinete y la circunstancia favorece a Cuitl\u00e1huac? \u00bfA qu\u00e9 mujer cree que ser\u00eda capaz de impulsar? \u00a1Exacto! Si ya la puso de secretaria del Trabajo, por qu\u00e9 no pensar en candidata al Senado\u2026 digo, la paridad hay que cumplirla y creo que en estos momentos, donde la caballada de Morena est\u00e1 atascada de varones, bueno ser\u00eda que fueran alzando tambi\u00e9n la mano las mujeres\u2026 porque aun en Morena, la paridad tambi\u00e9n es lucha.<\/p>\n\n\n\n<p><a href=\"mailto:smcainito@gmail.com\" target=\"_blank\" rel=\"noreferrer noopener\">smcainito@gmail.com<\/a><\/p>\n","protected":false},"excerpt":{"rendered":"<p>Los Pol\u00edticos Salvador Mu\u00f1oz La competencia por la candidatura a la Gubernatura de Veracruz, al menos en las dos fuerzas pol\u00edticas locales, tiene de todo, pero no mujeres\u2026 al menos para darle equilibrio a esta contienda de estufa\u2026 nada m\u00e1s una mujer por Morena, Roc\u00edo Nahle, seguida de Sergio Guti\u00e9rrez Luna, Juan Javier G\u00f3mez Cazar\u00edn, [&hellip;]<\/p>\n","protected":false},"author":1,"featured_media":387,"comment_status":"open","ping_status":"open","sticky":false,"template":"","format":"standard","meta":{"_jetpack_memberships_contains_paid_content":false,"footnotes":""},"categories":[11],"tags":[],"class_list":["post-28478","post","type-post","status-publish","format-standard","has-post-thumbnail","hentry","category-opinion"],"jetpack_featured_media_url":"https:\/\/encuentroinformativo.com.mx\/wp-content\/uploads\/2020\/03\/7CF8A22B-2764-47BE-8F7F-38FE9E5D6A2F.jpeg","jetpack_sharing_enabled":true,"jetpack_likes_enabled":true,"amp_enabled":true,"_links":{"self":[{"href":"https:\/\/encuentroinformativo.com.mx\/index.php?rest_route=\/wp\/v2\/posts\/28478","targetHints":{"allow":["GET"]}}],"collection":[{"href":"https:\/\/encuentroinformativo.com.mx\/index.php?rest_route=\/wp\/v2\/posts"}],"about":[{"href":"https:\/\/encuentroinformativo.com.mx\/index.php?rest_route=\/wp\/v2\/types\/post"}],"author":[{"embeddable":true,"href":"https:\/\/encuentroinformativo.com.mx\/index.php?rest_route=\/wp\/v2\/users\/1"}],"replies":[{"embeddable":true,"href":"https:\/\/encuentroinformativo.com.mx\/index.php?rest_route=%2Fwp%2Fv2%2Fcomments&post=28478"}],"version-history":[{"count":1,"href":"https:\/\/encuentroinformativo.com.mx\/index.php?rest_route=\/wp\/v2\/posts\/28478\/revisions"}],"predecessor-version":[{"id":28479,"href":"https:\/\/encuentroinformativo.com.mx\/index.php?rest_route=\/wp\/v2\/posts\/28478\/revisions\/28479"}],"wp:featuredmedia":[{"embeddable":true,"href":"https:\/\/encuentroinformativo.com.mx\/index.php?rest_route=\/wp\/v2\/media\/387"}],"wp:attachment":[{"href":"https:\/\/encuentroinformativo.com.mx\/index.php?rest_route=%2Fwp%2Fv2%2Fmedia&parent=28478"}],"wp:term":[{"taxonomy":"category","embeddable":true,"href":"https:\/\/encuentroinformativo.com.mx\/index.php?rest_route=%2Fwp%2Fv2%2Fcategories&post=28478"},{"taxonomy":"post_tag","embeddable":true,"href":"https:\/\/encuentroinformativo.com.mx\/index.php?rest_route=%2Fwp%2Fv2%2Ftags&post=28478"}],"curies":[{"name":"wp","href":"https:\/\/api.w.org\/{rel}","templated":true}]}}