{"id":2848,"date":"2020-05-27T12:36:07","date_gmt":"2020-05-27T17:36:07","guid":{"rendered":"https:\/\/encuentroinformativo.com\/?p=2848"},"modified":"2020-05-27T12:36:10","modified_gmt":"2020-05-27T17:36:10","slug":"comerciantes-rechazan-cierre-de-vialidades-realizan-protestas","status":"publish","type":"post","link":"https:\/\/encuentroinformativo.com.mx\/?p=2848","title":{"rendered":"Comerciantes rechazan cierre de vialidades, realizan protestas"},"content":{"rendered":"\n<p><strong>Dar\u00edo Pale <\/strong><\/p>\n\n\n\n<p>Xalapa, Ver.- Los comerciantes unidos establecidos de las Trancas cerraron la carretera federal ya que est\u00e1n demandando que ya no los ahorquen y los castiguen tanto, ya que ven\u00edan abriendo los negocios ya que ten\u00edan cerrado por la pandemia pero les autorizaron abrir apegados a la sana distancia.<\/p>\n\n\n\n<p>Entrevistados durante el bloqueo se\u00f1alaron que son alrededor de 150 comerciantes de la zona de Las Trancas, estos se oponen al cierre de vialidades en la zona por considerarlo una obstrucci\u00f3n a la actividad comercial.<\/p>\n\n\n\n<p>Dieron a conocer que ellos est\u00e1n acatando todas las medidas que les est\u00e1n solicitando para poder trabajar y desafortunadamente si previo aviso les cierran la circulaci\u00f3n y muchos comerciantes tienen productos perecederos y es la tercera vez que les cierran la vialidad y eso les a afectado mucho econ\u00f3micamente hablando.<\/p>\n\n\n\n<p>Acusan que esta determinaci\u00f3n ocasiona una p\u00e9rdida del 80 por ciento en ventas tanto para restauranteros, como para hoteleros, mini s\u00faper y abarroteras establecidos en la zona.<\/p>\n\n\n\n<p>Los comerciantes consideraron que para implementar estas medidas el gobierno debe planificar una estrategia de apoyo al comercio para evitar perjudicarlos con el cierre de calles.<\/p>\n\n\n\n<p>Finalmente se\u00f1alaron que muchos de ellos tienen deudas que pagar, insistieron que est\u00e1n en la mejor disposici\u00f3n de acatar las normas y disposiciones de los protocolos que se est\u00e1n manejando pero no hay quien los supervise ni quien los apoye tanto de Xalapa como de Emiliano Zapata.<\/p>\n\n\n\n<figure class=\"wp-block-image size-large\"><img loading=\"lazy\" decoding=\"async\" width=\"1280\" height=\"720\" src=\"https:\/\/i1.wp.com\/encuentroinformativo.com\/wp-content\/uploads\/2020\/05\/DC137A18-4521-4A05-A517-09A0B61EBDDC.jpeg?fit=640%2C360&amp;ssl=1\" alt=\"\" class=\"wp-image-2850\" srcset=\"https:\/\/encuentroinformativo.com.mx\/wp-content\/uploads\/2020\/05\/DC137A18-4521-4A05-A517-09A0B61EBDDC.jpeg 1280w, https:\/\/encuentroinformativo.com.mx\/wp-content\/uploads\/2020\/05\/DC137A18-4521-4A05-A517-09A0B61EBDDC-300x169.jpeg 300w, https:\/\/encuentroinformativo.com.mx\/wp-content\/uploads\/2020\/05\/DC137A18-4521-4A05-A517-09A0B61EBDDC-1024x576.jpeg 1024w, https:\/\/encuentroinformativo.com.mx\/wp-content\/uploads\/2020\/05\/DC137A18-4521-4A05-A517-09A0B61EBDDC-768x432.jpeg 768w\" sizes=\"auto, (max-width: 1280px) 100vw, 1280px\" \/><\/figure>\n\n\n\n<p><\/p>\n","protected":false},"excerpt":{"rendered":"<p>Dar\u00edo Pale Xalapa, Ver.- Los comerciantes unidos establecidos de las Trancas cerraron la carretera federal ya que est\u00e1n demandando que ya no los ahorquen y los castiguen tanto, ya que ven\u00edan abriendo los negocios ya que ten\u00edan cerrado por la pandemia pero les autorizaron abrir apegados a la sana distancia. Entrevistados durante el bloqueo se\u00f1alaron [&hellip;]<\/p>\n","protected":false},"author":1,"featured_media":2849,"comment_status":"open","ping_status":"open","sticky":false,"template":"","format":"standard","meta":{"_jetpack_memberships_contains_paid_content":false,"footnotes":""},"categories":[8],"tags":[],"class_list":["post-2848","post","type-post","status-publish","format-standard","has-post-thumbnail","hentry","category-region"],"jetpack_featured_media_url":"https:\/\/encuentroinformativo.com.mx\/wp-content\/uploads\/2020\/05\/05617785-BC55-47B2-A53E-423DCB1E5748.jpeg","jetpack_sharing_enabled":true,"jetpack_likes_enabled":true,"amp_enabled":true,"_links":{"self":[{"href":"https:\/\/encuentroinformativo.com.mx\/index.php?rest_route=\/wp\/v2\/posts\/2848","targetHints":{"allow":["GET"]}}],"collection":[{"href":"https:\/\/encuentroinformativo.com.mx\/index.php?rest_route=\/wp\/v2\/posts"}],"about":[{"href":"https:\/\/encuentroinformativo.com.mx\/index.php?rest_route=\/wp\/v2\/types\/post"}],"author":[{"embeddable":true,"href":"https:\/\/encuentroinformativo.com.mx\/index.php?rest_route=\/wp\/v2\/users\/1"}],"replies":[{"embeddable":true,"href":"https:\/\/encuentroinformativo.com.mx\/index.php?rest_route=%2Fwp%2Fv2%2Fcomments&post=2848"}],"version-history":[{"count":1,"href":"https:\/\/encuentroinformativo.com.mx\/index.php?rest_route=\/wp\/v2\/posts\/2848\/revisions"}],"predecessor-version":[{"id":2851,"href":"https:\/\/encuentroinformativo.com.mx\/index.php?rest_route=\/wp\/v2\/posts\/2848\/revisions\/2851"}],"wp:featuredmedia":[{"embeddable":true,"href":"https:\/\/encuentroinformativo.com.mx\/index.php?rest_route=\/wp\/v2\/media\/2849"}],"wp:attachment":[{"href":"https:\/\/encuentroinformativo.com.mx\/index.php?rest_route=%2Fwp%2Fv2%2Fmedia&parent=2848"}],"wp:term":[{"taxonomy":"category","embeddable":true,"href":"https:\/\/encuentroinformativo.com.mx\/index.php?rest_route=%2Fwp%2Fv2%2Fcategories&post=2848"},{"taxonomy":"post_tag","embeddable":true,"href":"https:\/\/encuentroinformativo.com.mx\/index.php?rest_route=%2Fwp%2Fv2%2Ftags&post=2848"}],"curies":[{"name":"wp","href":"https:\/\/api.w.org\/{rel}","templated":true}]}}