{"id":28480,"date":"2022-06-16T11:14:16","date_gmt":"2022-06-16T16:14:16","guid":{"rendered":"https:\/\/encuentroinformativo.com.mx\/?p=28480"},"modified":"2022-06-16T11:14:19","modified_gmt":"2022-06-16T16:14:19","slug":"padres-demandan-reinstalacion-de-profesor-toman-escuela-primaria","status":"publish","type":"post","link":"https:\/\/encuentroinformativo.com.mx\/?p=28480","title":{"rendered":"Padres demandan reinstalaci\u00f3n de profesor; toman escuela primaria"},"content":{"rendered":"\n<p><strong>Juan Arcos <\/strong><\/p>\n\n\n\n<p>Xalapa, Ver.- Madres y padres de familia tomaron la escuela primaria \u201cJos\u00e9 Mar\u00eda Morelos y Pav\u00f3n\u201d de esta ciudad de Xalapa, para exigir la reinstalaci\u00f3n de un profesor, quien presuntamente hab\u00eda sido despedido injustificadamente.<\/p>\n\n\n\n<p>Esto ocurri\u00f3 despu\u00e9s de las siete y media de la ma\u00f1ana en el plantel, ubicado sobre la calle Desideri Pav\u00f3n n\u00famero 1, en la colonia M\u00e1rtires de Chicago, donde los manifestantes impidieron el ingreso de los estudiantes, por lo que las clases fueron suspendidas.<\/p>\n\n\n\n<p>Algunos pap\u00e1s se pronunciaron en contra de dichas acciones emprendidas por parte de un grupo minoritario, toda vez que se afect\u00f3 a toda la comunidad estudiantil.<\/p>\n\n\n\n<p>De acuerdo con Ricardo C\u00e1rdenas, padre de uno de los alumnos, las personas que se manifestaron defend\u00edan a un docente pero mostraron desconocimiento en el caso, toda vez que el implicado no hab\u00eda sido despedido sino sujeto a un cambio de adscripci\u00f3n.<\/p>\n\n\n\n<p>\u201cFue una mala informaci\u00f3n, que algunos pap\u00e1s no buscaron la informaci\u00f3n real y hacen cosas que no van. No dejaron entrar en la ma\u00f1ana a los ni\u00f1os\u201d, expres\u00f3.<\/p>\n\n\n\n<p>Los inconformes fueron atendidos por autoridades de la instituci\u00f3n acad\u00e9mica y, despu\u00e9s de aproximadamente una hora, decidieron liberar la escuela primaria estatal con clave 30EPR2939G.<\/p>\n\n\n\n<p>Sin embargo, las dem\u00e1s madres y padres de familia debieron llevarse a los estudiantes a casa, luego de que les informaran que no habr\u00eda clases este jueves 16 de junio.<\/p>\n\n\n\n<p>\u201cPero al maestro solo lo cambiaron de escuela, no fue agravante, pero los pap\u00e1s que se manifestaron no se informaron, eso fue todo\u201d, remat\u00f3 el entrevistado.\u00a0<\/p>\n","protected":false},"excerpt":{"rendered":"<p>Juan Arcos Xalapa, Ver.- Madres y padres de familia tomaron la escuela primaria \u201cJos\u00e9 Mar\u00eda Morelos y Pav\u00f3n\u201d de esta ciudad de Xalapa, para exigir la reinstalaci\u00f3n de un profesor, quien presuntamente hab\u00eda sido despedido injustificadamente. Esto ocurri\u00f3 despu\u00e9s de las siete y media de la ma\u00f1ana en el plantel, ubicado sobre la calle Desideri [&hellip;]<\/p>\n","protected":false},"author":1,"featured_media":28481,"comment_status":"open","ping_status":"open","sticky":false,"template":"","format":"standard","meta":{"_jetpack_memberships_contains_paid_content":false,"footnotes":""},"categories":[3],"tags":[],"class_list":["post-28480","post","type-post","status-publish","format-standard","has-post-thumbnail","hentry","category-xalapa"],"jetpack_featured_media_url":"https:\/\/encuentroinformativo.com.mx\/wp-content\/uploads\/2022\/06\/5FD99D97-0C95-4643-8BAC-B55EF4AEB25D.jpeg","jetpack_sharing_enabled":true,"jetpack_likes_enabled":true,"amp_enabled":true,"_links":{"self":[{"href":"https:\/\/encuentroinformativo.com.mx\/index.php?rest_route=\/wp\/v2\/posts\/28480","targetHints":{"allow":["GET"]}}],"collection":[{"href":"https:\/\/encuentroinformativo.com.mx\/index.php?rest_route=\/wp\/v2\/posts"}],"about":[{"href":"https:\/\/encuentroinformativo.com.mx\/index.php?rest_route=\/wp\/v2\/types\/post"}],"author":[{"embeddable":true,"href":"https:\/\/encuentroinformativo.com.mx\/index.php?rest_route=\/wp\/v2\/users\/1"}],"replies":[{"embeddable":true,"href":"https:\/\/encuentroinformativo.com.mx\/index.php?rest_route=%2Fwp%2Fv2%2Fcomments&post=28480"}],"version-history":[{"count":1,"href":"https:\/\/encuentroinformativo.com.mx\/index.php?rest_route=\/wp\/v2\/posts\/28480\/revisions"}],"predecessor-version":[{"id":28482,"href":"https:\/\/encuentroinformativo.com.mx\/index.php?rest_route=\/wp\/v2\/posts\/28480\/revisions\/28482"}],"wp:featuredmedia":[{"embeddable":true,"href":"https:\/\/encuentroinformativo.com.mx\/index.php?rest_route=\/wp\/v2\/media\/28481"}],"wp:attachment":[{"href":"https:\/\/encuentroinformativo.com.mx\/index.php?rest_route=%2Fwp%2Fv2%2Fmedia&parent=28480"}],"wp:term":[{"taxonomy":"category","embeddable":true,"href":"https:\/\/encuentroinformativo.com.mx\/index.php?rest_route=%2Fwp%2Fv2%2Fcategories&post=28480"},{"taxonomy":"post_tag","embeddable":true,"href":"https:\/\/encuentroinformativo.com.mx\/index.php?rest_route=%2Fwp%2Fv2%2Ftags&post=28480"}],"curies":[{"name":"wp","href":"https:\/\/api.w.org\/{rel}","templated":true}]}}