{"id":28486,"date":"2022-06-16T13:59:31","date_gmt":"2022-06-16T18:59:31","guid":{"rendered":"https:\/\/encuentroinformativo.com.mx\/?p=28486"},"modified":"2022-06-16T13:59:34","modified_gmt":"2022-06-16T18:59:34","slug":"fge-no-admitio-denuncia-por-desaparicion-forzada-de-viridiana-gobernador","status":"publish","type":"post","link":"https:\/\/encuentroinformativo.com.mx\/?p=28486","title":{"rendered":"FGE no admiti\u00f3 denuncia por desaparici\u00f3n forzada de Viridiana: Gobernador"},"content":{"rendered":"\n<p>Dar\u00edo Pale <\/p>\n\n\n\n<p>Xalapa, Ver.- El gobernador de estado Cuitl\u00e1huac Garc\u00eda Jim\u00e9nez afirm\u00f3 que la denuncia que interpuso el abogado Tomas Mundo Arriasa no fue aceptada por la Fiscal\u00eda General del Estado (FGE), y sostuvo que el delincuente &#8220;El Vani&#8221; financi\u00f3 varias campa\u00f1as y presume que una de estas fue la de Pasiano Rueda.<\/p>\n\n\n\n<p>En entrevista dio a conocer que la denuncia por desaparici\u00f3n forzada que interpondr\u00edan los padres de la joven Viridiana Moreno V\u00e1zquez no fue admitida.<\/p>\n\n\n\n<p>Asegur\u00f3 que est\u00e1n tratando de politizar el tema y nuevamente refiri\u00f3 que detr\u00e1s del abogado penalista Tom\u00e1s Mundo Arriasa, quien representa a los padres de la joven desaparecida, hay personajes pol\u00edticos que se quieren reciclar.<\/p>\n\n\n\n<p>&#8220;No la pudieron admitir porque no tiene fundamento, pero eso no se le informa a la familia&#8221;, expres\u00f3 y record\u00f3 que en la pasada conferencia de prensa de los padres de la joven, estuvieron la exalcaldesa Elizabeth Morales, la diputada de Movimiento Ciudadano, Ruth Callejas.<\/p>\n\n\n\n<p>En otro orden de ideas respecto de los salarios que algunos funcionarios municipales o federales est\u00e1n percibiendo por encima de lo que marca la ley de austeridad, refiri\u00f3 que el presidente Andr\u00e9s Manuel L\u00f3pez Obrador ha dicho que deben de vivir en la sana median\u00eda.<\/p>\n\n\n\n<p>&#8220;El exhorto como gobernador es a solicitarles que revisen muy bien lo que el Presidente a realizado en torno a los ingresos que debe tener un funcionario p\u00fablico&#8221;, se\u00f1al\u00f3.<\/p>\n\n\n\n<p>&#8220;La demanda de la sociedad es muy clara, no debemos recurrir a los cargos p\u00fablicos para enriquecerse&#8221;, agreg\u00f3.<\/p>\n\n\n\n<p>Esquiv\u00f3 opinar cu\u00e1nto es lo que debe de cobrar como salario un alcalde y les record\u00f3 que son los primeros respondientes, que deben estar m\u00e1s pendientes, por ejemplo ahora que ha estado lloviendo.<\/p>\n\n\n\n<p>Sobre la pol\u00e9mica por el candidato del Partido del Trabajo (PT) en las elecciones extraordinarias, Pasiano Rueda, el Ejecutivo reiter\u00f3 que Jovani &#8220;N&#8221;, alias El Vani&#8221;, detenido en agosto del a\u00f1o pasado, financi\u00f3 campa\u00f1as pol\u00edticas, una de estas presumiblemente, la de Pasiano.<\/p>\n\n\n\n<p>Asimismo, se dijo dispuesto a que las autoridades de la Fiscal\u00eda General de la Rep\u00fablica proceda si as\u00ed lo considera pertinente, no tiene ning\u00fan problema.<\/p>\n\n\n\n<p>&#8220;Lo que yo sostengo es que en la zona de Jes\u00fas Carranza, si nosotros tenemos indicios de que el presunto responsable alias El Vani, detenido en la Ciudad M\u00e9xico, pertenece a la Familia Michoacana y que tiene intereses de su grupo delictivo en la zona de Jes\u00fas Carranza; financi\u00f3 algunos candidatos&#8221;, acus\u00f3.<\/p>\n\n\n\n<p>Finalmente se\u00f1al\u00f3 que, &#8220;presumimos, presumimos que uno de ellos pudiera ser Pasiano, pero eso tendr\u00e1 que avanzar en una investigaci\u00f3n formal que se est\u00e1 haciendo a partir de la detenci\u00f3n de El Vani&#8221;.<\/p>\n","protected":false},"excerpt":{"rendered":"<p>Dar\u00edo Pale Xalapa, Ver.- El gobernador de estado Cuitl\u00e1huac Garc\u00eda Jim\u00e9nez afirm\u00f3 que la denuncia que interpuso el abogado Tomas Mundo Arriasa no fue aceptada por la Fiscal\u00eda General del Estado (FGE), y sostuvo que el delincuente &#8220;El Vani&#8221; financi\u00f3 varias campa\u00f1as y presume que una de estas fue la de Pasiano Rueda. En entrevista [&hellip;]<\/p>\n","protected":false},"author":1,"featured_media":28487,"comment_status":"open","ping_status":"open","sticky":false,"template":"","format":"standard","meta":{"_jetpack_memberships_contains_paid_content":false,"footnotes":""},"categories":[2],"tags":[],"class_list":["post-28486","post","type-post","status-publish","format-standard","has-post-thumbnail","hentry","category-estado"],"jetpack_featured_media_url":"https:\/\/encuentroinformativo.com.mx\/wp-content\/uploads\/2022\/06\/AF3449FA-5F11-4B26-A42D-877EA9583C66.jpeg","jetpack_sharing_enabled":true,"jetpack_likes_enabled":true,"amp_enabled":true,"_links":{"self":[{"href":"https:\/\/encuentroinformativo.com.mx\/index.php?rest_route=\/wp\/v2\/posts\/28486","targetHints":{"allow":["GET"]}}],"collection":[{"href":"https:\/\/encuentroinformativo.com.mx\/index.php?rest_route=\/wp\/v2\/posts"}],"about":[{"href":"https:\/\/encuentroinformativo.com.mx\/index.php?rest_route=\/wp\/v2\/types\/post"}],"author":[{"embeddable":true,"href":"https:\/\/encuentroinformativo.com.mx\/index.php?rest_route=\/wp\/v2\/users\/1"}],"replies":[{"embeddable":true,"href":"https:\/\/encuentroinformativo.com.mx\/index.php?rest_route=%2Fwp%2Fv2%2Fcomments&post=28486"}],"version-history":[{"count":1,"href":"https:\/\/encuentroinformativo.com.mx\/index.php?rest_route=\/wp\/v2\/posts\/28486\/revisions"}],"predecessor-version":[{"id":28488,"href":"https:\/\/encuentroinformativo.com.mx\/index.php?rest_route=\/wp\/v2\/posts\/28486\/revisions\/28488"}],"wp:featuredmedia":[{"embeddable":true,"href":"https:\/\/encuentroinformativo.com.mx\/index.php?rest_route=\/wp\/v2\/media\/28487"}],"wp:attachment":[{"href":"https:\/\/encuentroinformativo.com.mx\/index.php?rest_route=%2Fwp%2Fv2%2Fmedia&parent=28486"}],"wp:term":[{"taxonomy":"category","embeddable":true,"href":"https:\/\/encuentroinformativo.com.mx\/index.php?rest_route=%2Fwp%2Fv2%2Fcategories&post=28486"},{"taxonomy":"post_tag","embeddable":true,"href":"https:\/\/encuentroinformativo.com.mx\/index.php?rest_route=%2Fwp%2Fv2%2Ftags&post=28486"}],"curies":[{"name":"wp","href":"https:\/\/api.w.org\/{rel}","templated":true}]}}