{"id":28492,"date":"2022-06-16T11:12:38","date_gmt":"2022-06-16T16:12:38","guid":{"rendered":"https:\/\/encuentroinformativo.com.mx\/?p=28492"},"modified":"2022-06-16T14:14:15","modified_gmt":"2022-06-16T19:14:15","slug":"aumenta-trabajo-infantil-en-veracruz-un-40-por-ciento","status":"publish","type":"post","link":"https:\/\/encuentroinformativo.com.mx\/?p=28492","title":{"rendered":"Aumenta trabajo infantil en Veracruz un 40 por ciento"},"content":{"rendered":"\n<p><strong>Alejandro \u00c1vila<\/strong><\/p>\n\n\n\n<p>Veracruz, Ver.- El estado de Veracruz se encuentra en el noveno lugar a nivel nacional de Trabajo Infantil, tras el aumento de un 40 por ciento, despu\u00e9s de la pandemia, mencion\u00f3 el Senador, Julen Rementer\u00eda del Puerto.<\/p>\n\n\n\n<p>En el informe de la Encuesta Nacional de Trabajo Infantil (ENTI), misma que realiza el INEGI, la entidad veracruzana reporta una tasa de 13.1 por ciento, superando as\u00ed la media nacional, la cual se ubica en 11.5 por ciento.<\/p>\n\n\n\n<p>\u201cDespu\u00e9s de la pandemia, el n\u00famero de menores trabajando aument\u00f3 en un 40 por ciento, y organizaciones que se dedican a apoyar a estos peque\u00f1os estiman que en los pr\u00f3ximos meses podr\u00eda incrementar esta cifra\u201d, agreg\u00f3 el coordinador del PAN en el Senado.<\/p>\n\n\n\n<p>Rementer\u00eda del Puerto dijo que, est\u00e1 comprobado que una de las formas m\u00e1s efectivas para reducir el trabajo infantil es promover la educaci\u00f3n de calidad; por lo que en Veracruz se debe trabajar a marchas forzadas en la recuperaci\u00f3n de los planteles educativos, mismos que en su mayor\u00eda fueron saqueados durante la pandemia.<\/p>\n\n\n\n<p>\u201cOcurre en todo el estado, no solo en las zonas rurales. En los municipios m\u00e1s habitados como Veracruz, Xalapa o Coatzacoalcos a diario hay manifestaciones de padres y madres de familia que exigen a la SEV la rehabilitaci\u00f3n de escuelas que se est\u00e1n cayendo a pedazos, que no tienen ni siquiera servicio de agua o electricidad o que no tienen maestros\u201d, subray\u00f3.<\/p>\n\n\n\n<p>El veracruzano expuso que, otra situaci\u00f3n que afect\u00f3 la educaci\u00f3n, y podr\u00eda promover el trabajo infantil a futuro, es la eliminaci\u00f3n de las Estancias Infantiles, espacios donde se ayudaba a que los peque\u00f1os pudieran estar en un lugar seguro mientras sus madres trabajaban.&nbsp;<\/p>\n\n\n\n<p>\u201cSe quit\u00f3 un programa que realmente daba bienestar a la poblaci\u00f3n y ahora vemos las consecuencias. Muchas madres y padres tiene que llevarse a sus hijos al trabajo aunque esto represente un riesgo para ellos&#8221;.<\/p>\n\n\n\n<p>Seg\u00fan el estudio del INEGI, los trabajos que realizan los menores de edad son de alto riesgo para ellos, pues adem\u00e1s de actividades agr\u00edcolas, ganaderas, forestales, caza y pesca, algunos tambi\u00e9n laboran en la miner\u00eda, la construcci\u00f3n, la industria o el comercio.<\/p>\n","protected":false},"excerpt":{"rendered":"<p>Alejandro \u00c1vila Veracruz, Ver.- El estado de Veracruz se encuentra en el noveno lugar a nivel nacional de Trabajo Infantil, tras el aumento de un 40 por ciento, despu\u00e9s de la pandemia, mencion\u00f3 el Senador, Julen Rementer\u00eda del Puerto. En el informe de la Encuesta Nacional de Trabajo Infantil (ENTI), misma que realiza el INEGI, [&hellip;]<\/p>\n","protected":false},"author":1,"featured_media":28493,"comment_status":"open","ping_status":"open","sticky":false,"template":"","format":"standard","meta":{"_jetpack_memberships_contains_paid_content":false,"footnotes":""},"categories":[2],"tags":[],"class_list":["post-28492","post","type-post","status-publish","format-standard","has-post-thumbnail","hentry","category-estado"],"jetpack_featured_media_url":"https:\/\/encuentroinformativo.com.mx\/wp-content\/uploads\/2022\/06\/91D2AB7A-F65A-42C4-96B3-95089869EFA6.jpeg","jetpack_sharing_enabled":true,"jetpack_likes_enabled":true,"amp_enabled":true,"_links":{"self":[{"href":"https:\/\/encuentroinformativo.com.mx\/index.php?rest_route=\/wp\/v2\/posts\/28492","targetHints":{"allow":["GET"]}}],"collection":[{"href":"https:\/\/encuentroinformativo.com.mx\/index.php?rest_route=\/wp\/v2\/posts"}],"about":[{"href":"https:\/\/encuentroinformativo.com.mx\/index.php?rest_route=\/wp\/v2\/types\/post"}],"author":[{"embeddable":true,"href":"https:\/\/encuentroinformativo.com.mx\/index.php?rest_route=\/wp\/v2\/users\/1"}],"replies":[{"embeddable":true,"href":"https:\/\/encuentroinformativo.com.mx\/index.php?rest_route=%2Fwp%2Fv2%2Fcomments&post=28492"}],"version-history":[{"count":1,"href":"https:\/\/encuentroinformativo.com.mx\/index.php?rest_route=\/wp\/v2\/posts\/28492\/revisions"}],"predecessor-version":[{"id":28494,"href":"https:\/\/encuentroinformativo.com.mx\/index.php?rest_route=\/wp\/v2\/posts\/28492\/revisions\/28494"}],"wp:featuredmedia":[{"embeddable":true,"href":"https:\/\/encuentroinformativo.com.mx\/index.php?rest_route=\/wp\/v2\/media\/28493"}],"wp:attachment":[{"href":"https:\/\/encuentroinformativo.com.mx\/index.php?rest_route=%2Fwp%2Fv2%2Fmedia&parent=28492"}],"wp:term":[{"taxonomy":"category","embeddable":true,"href":"https:\/\/encuentroinformativo.com.mx\/index.php?rest_route=%2Fwp%2Fv2%2Fcategories&post=28492"},{"taxonomy":"post_tag","embeddable":true,"href":"https:\/\/encuentroinformativo.com.mx\/index.php?rest_route=%2Fwp%2Fv2%2Ftags&post=28492"}],"curies":[{"name":"wp","href":"https:\/\/api.w.org\/{rel}","templated":true}]}}