{"id":28498,"date":"2022-06-16T14:20:31","date_gmt":"2022-06-16T19:20:31","guid":{"rendered":"https:\/\/encuentroinformativo.com.mx\/?p=28498"},"modified":"2022-06-16T14:20:35","modified_gmt":"2022-06-16T19:20:35","slug":"excolaborador-de-senador-monreal-saldria-de-prision-la-siguiente-semana","status":"publish","type":"post","link":"https:\/\/encuentroinformativo.com.mx\/?p=28498","title":{"rendered":"Excolaborador de senador Monreal saldr\u00eda de prisi\u00f3n la siguiente semana"},"content":{"rendered":"\n<p><strong>Juan Arcos\u00a0<\/strong><\/p>\n\n\n\n<p>Xalapa, Ver.- El senador Ricardo Monreal \u00c1vila public\u00f3 un video en sus redes sociales donde asegura que la justicia federal corrigi\u00f3 el agravio contra su colaborador Jos\u00e9 Manuel del R\u00edo Virgen, quien es se\u00f1alado del homicidio de Remigio Rovar, excandidato de Movimiento Ciudadano (MC) a la alcald\u00eda de Cazones de Herrera.<\/p>\n\n\n\n<p>El Presidente de la Junta de Coordinaci\u00f3n Pol\u00edtica (Jucopo) en el Senado de la Rep\u00fablica indic\u00f3 que su amigo permanece recluido en el penal de Pacho Viejo, municipio de Coatepec.<\/p>\n\n\n\n<p>\u201cPero como \u00e9l hay muchas personas inocentes en Veracruz que permanecen en prisi\u00f3n, y por las cuales seguiremos luchando, para que recobren su libertad y su vida\u201d, expres\u00f3.<\/p>\n\n\n\n<p>Cabe recordar que Jos\u00e9 Manuel, exsecretario t\u00e9cnico de la Jucopo en el Senado, fue detenido el pasado 22 de diciembre sobre la carretera Cosamaloapan-Tuxtepec, en la zona sur de la entidad veracruzana.<\/p>\n\n\n\n<p>Ese mismo d\u00eda, en la audiencia inicial, el juez de control dict\u00f3 un a\u00f1o de prisi\u00f3n preventiva contra el imputado y, hasta el momento, ha cumplido 177 d\u00edas en dicho reclusorio.<\/p>\n\n\n\n<p>\u00d3scar del R\u00edo, hijo del exfuncionario del Sanado, indic\u00f3 que su padre podr\u00eda ser liberado la pr\u00f3xima semana.<\/p>\n\n\n\n<p>\u201cLos magistrados del tribunal colegiado actuaron con rectitud y justicia, y le otorgaron su libertad a mi padre. El presidente de este tribunal orden\u00f3 engrosar el expediente para dirigirse al Juzgado de distrito que concedi\u00f3 el amparo a mi padre el 9 de marzo, para que est\u00e9 a su vez le pida al juez de control, el que lo vincul\u00f3 a proceso el 28 de diciembre, ahora lo llame a audiencia y le dicte un auto de no vinculaci\u00f3n\u201d, detall\u00f3.<\/p>\n\n\n\n<p>Tambi\u00e9n consider\u00f3 que tras estos hechos se constatar\u00eda que Jos\u00e9 Manuel del R\u00edo es un preso pol\u00edtico en el estado de Veracruz y no particip\u00f3 en el crimen de Remigio Tovar, dos d\u00edas antes de las elecciones del 6 de junio de 2021.<\/p>\n\n\n\n<p>\u201cEs un preso pol\u00edtico, nada tuvo qu\u00e9 ver en este crimen, es una gente muy querida en su distrito, en Papantla, en toda la sierra del Totonacapan, la gente lo conoce por su ayuda, por su cari\u00f1o a su gente, jam\u00e1s se meter\u00eda en un asunto de esta naturaleza\u201d, agreg\u00f3.<\/p>\n","protected":false},"excerpt":{"rendered":"<p>Juan Arcos\u00a0 Xalapa, Ver.- El senador Ricardo Monreal \u00c1vila public\u00f3 un video en sus redes sociales donde asegura que la justicia federal corrigi\u00f3 el agravio contra su colaborador Jos\u00e9 Manuel del R\u00edo Virgen, quien es se\u00f1alado del homicidio de Remigio Rovar, excandidato de Movimiento Ciudadano (MC) a la alcald\u00eda de Cazones de Herrera. El Presidente [&hellip;]<\/p>\n","protected":false},"author":1,"featured_media":28499,"comment_status":"open","ping_status":"open","sticky":false,"template":"","format":"standard","meta":{"_jetpack_memberships_contains_paid_content":false,"footnotes":""},"categories":[2],"tags":[],"class_list":["post-28498","post","type-post","status-publish","format-standard","has-post-thumbnail","hentry","category-estado"],"jetpack_featured_media_url":"https:\/\/encuentroinformativo.com.mx\/wp-content\/uploads\/2022\/06\/746D42AC-E2B2-425A-B8EA-59A0229DBFCC.jpeg","jetpack_sharing_enabled":true,"jetpack_likes_enabled":true,"amp_enabled":true,"_links":{"self":[{"href":"https:\/\/encuentroinformativo.com.mx\/index.php?rest_route=\/wp\/v2\/posts\/28498","targetHints":{"allow":["GET"]}}],"collection":[{"href":"https:\/\/encuentroinformativo.com.mx\/index.php?rest_route=\/wp\/v2\/posts"}],"about":[{"href":"https:\/\/encuentroinformativo.com.mx\/index.php?rest_route=\/wp\/v2\/types\/post"}],"author":[{"embeddable":true,"href":"https:\/\/encuentroinformativo.com.mx\/index.php?rest_route=\/wp\/v2\/users\/1"}],"replies":[{"embeddable":true,"href":"https:\/\/encuentroinformativo.com.mx\/index.php?rest_route=%2Fwp%2Fv2%2Fcomments&post=28498"}],"version-history":[{"count":1,"href":"https:\/\/encuentroinformativo.com.mx\/index.php?rest_route=\/wp\/v2\/posts\/28498\/revisions"}],"predecessor-version":[{"id":28500,"href":"https:\/\/encuentroinformativo.com.mx\/index.php?rest_route=\/wp\/v2\/posts\/28498\/revisions\/28500"}],"wp:featuredmedia":[{"embeddable":true,"href":"https:\/\/encuentroinformativo.com.mx\/index.php?rest_route=\/wp\/v2\/media\/28499"}],"wp:attachment":[{"href":"https:\/\/encuentroinformativo.com.mx\/index.php?rest_route=%2Fwp%2Fv2%2Fmedia&parent=28498"}],"wp:term":[{"taxonomy":"category","embeddable":true,"href":"https:\/\/encuentroinformativo.com.mx\/index.php?rest_route=%2Fwp%2Fv2%2Fcategories&post=28498"},{"taxonomy":"post_tag","embeddable":true,"href":"https:\/\/encuentroinformativo.com.mx\/index.php?rest_route=%2Fwp%2Fv2%2Ftags&post=28498"}],"curies":[{"name":"wp","href":"https:\/\/api.w.org\/{rel}","templated":true}]}}