{"id":28501,"date":"2022-06-16T15:51:33","date_gmt":"2022-06-16T20:51:33","guid":{"rendered":"https:\/\/encuentroinformativo.com.mx\/?p=28501"},"modified":"2022-06-16T15:51:36","modified_gmt":"2022-06-16T20:51:36","slug":"en-papantla-realizan-ofrenda-por-el-dia-del-volador","status":"publish","type":"post","link":"https:\/\/encuentroinformativo.com.mx\/?p=28501","title":{"rendered":"En Papantla realizan ofrenda por el D\u00eda del Volador"},"content":{"rendered":"\n<p><strong>Alejandro \u00c1vila<\/strong><\/p>\n\n\n\n<p>Papantla, Ver.- Autoridades municipales y estatales acompa\u00f1aron a los danzantes en la marcha y posterior ofrenda por el D\u00eda del Volador en el municipio de Papantla.<\/p>\n\n\n\n<p>A primera hora de la ma\u00f1ana, danzantes, voladores, guaguas, negritos, santiagueros, moros y cristianos, caminaron por las calles de Papantla encabezadas por el &#8220;Tata Gerardo&#8221;, presidente del Consejo Supremo Totonaco, con rumbo al Monumento al Volador d\u00f3nde entregaron una ofrenda floral.<\/p>\n\n\n\n<p>Es de recordar qu\u00e9 el ritual de los Voladores de Papantla fue declarado Patrimonio Cultural Inmaterial de la Humanidad por la UNESCO en el a\u00f1o 2009, con lo cual solo se designa a M\u00e9xico en espec\u00edfico al municipio de Papantla como lugar de origen.<\/p>\n\n\n\n<p>La danza o &#8220;vuelo de los muertos&#8221;, Es una representaci\u00f3n donde se le pide al Padre Sol que, a trav\u00e9s de la lluvia que fertiliza la tierra.<\/p>\n\n\n\n<p>Finalmente, el presidente municipal Eric Dom\u00ednguez V\u00e1zquez, qui\u00e9n tuvo como invitada a Rebeca Quintanar Barcel\u00f3, directora general del DIF Estatal; con qui\u00e9n se comprometi\u00f3 a fomentar la cultura totonaca, no s\u00f3lo entre las nuevas generaciones de la regi\u00f3n, sino de toda la entidad veracruzana.<\/p>\n\n\n\n<figure class=\"wp-block-image size-large\"><img loading=\"lazy\" decoding=\"async\" width=\"1024\" height=\"576\" src=\"https:\/\/encuentroinformativo.com.mx\/wp-content\/uploads\/2022\/06\/3EBE2265-8DED-49EB-A8F8-DFF2A28239B3-1024x576.jpeg\" alt=\"\" class=\"wp-image-28503\" srcset=\"https:\/\/encuentroinformativo.com.mx\/wp-content\/uploads\/2022\/06\/3EBE2265-8DED-49EB-A8F8-DFF2A28239B3-1024x576.jpeg 1024w, https:\/\/encuentroinformativo.com.mx\/wp-content\/uploads\/2022\/06\/3EBE2265-8DED-49EB-A8F8-DFF2A28239B3-300x169.jpeg 300w, https:\/\/encuentroinformativo.com.mx\/wp-content\/uploads\/2022\/06\/3EBE2265-8DED-49EB-A8F8-DFF2A28239B3-768x432.jpeg 768w, https:\/\/encuentroinformativo.com.mx\/wp-content\/uploads\/2022\/06\/3EBE2265-8DED-49EB-A8F8-DFF2A28239B3.jpeg 1080w\" sizes=\"auto, (max-width: 1024px) 100vw, 1024px\" \/><\/figure>\n","protected":false},"excerpt":{"rendered":"<p>Alejandro \u00c1vila Papantla, Ver.- Autoridades municipales y estatales acompa\u00f1aron a los danzantes en la marcha y posterior ofrenda por el D\u00eda del Volador en el municipio de Papantla. A primera hora de la ma\u00f1ana, danzantes, voladores, guaguas, negritos, santiagueros, moros y cristianos, caminaron por las calles de Papantla encabezadas por el &#8220;Tata Gerardo&#8221;, presidente del [&hellip;]<\/p>\n","protected":false},"author":1,"featured_media":28502,"comment_status":"open","ping_status":"open","sticky":false,"template":"","format":"standard","meta":{"_jetpack_memberships_contains_paid_content":false,"footnotes":""},"categories":[2],"tags":[],"class_list":["post-28501","post","type-post","status-publish","format-standard","has-post-thumbnail","hentry","category-estado"],"jetpack_featured_media_url":"https:\/\/encuentroinformativo.com.mx\/wp-content\/uploads\/2022\/06\/A461BFA0-D48E-4A14-B8B2-173415363FC5.jpeg","jetpack_sharing_enabled":true,"jetpack_likes_enabled":true,"amp_enabled":true,"_links":{"self":[{"href":"https:\/\/encuentroinformativo.com.mx\/index.php?rest_route=\/wp\/v2\/posts\/28501","targetHints":{"allow":["GET"]}}],"collection":[{"href":"https:\/\/encuentroinformativo.com.mx\/index.php?rest_route=\/wp\/v2\/posts"}],"about":[{"href":"https:\/\/encuentroinformativo.com.mx\/index.php?rest_route=\/wp\/v2\/types\/post"}],"author":[{"embeddable":true,"href":"https:\/\/encuentroinformativo.com.mx\/index.php?rest_route=\/wp\/v2\/users\/1"}],"replies":[{"embeddable":true,"href":"https:\/\/encuentroinformativo.com.mx\/index.php?rest_route=%2Fwp%2Fv2%2Fcomments&post=28501"}],"version-history":[{"count":1,"href":"https:\/\/encuentroinformativo.com.mx\/index.php?rest_route=\/wp\/v2\/posts\/28501\/revisions"}],"predecessor-version":[{"id":28504,"href":"https:\/\/encuentroinformativo.com.mx\/index.php?rest_route=\/wp\/v2\/posts\/28501\/revisions\/28504"}],"wp:featuredmedia":[{"embeddable":true,"href":"https:\/\/encuentroinformativo.com.mx\/index.php?rest_route=\/wp\/v2\/media\/28502"}],"wp:attachment":[{"href":"https:\/\/encuentroinformativo.com.mx\/index.php?rest_route=%2Fwp%2Fv2%2Fmedia&parent=28501"}],"wp:term":[{"taxonomy":"category","embeddable":true,"href":"https:\/\/encuentroinformativo.com.mx\/index.php?rest_route=%2Fwp%2Fv2%2Fcategories&post=28501"},{"taxonomy":"post_tag","embeddable":true,"href":"https:\/\/encuentroinformativo.com.mx\/index.php?rest_route=%2Fwp%2Fv2%2Ftags&post=28501"}],"curies":[{"name":"wp","href":"https:\/\/api.w.org\/{rel}","templated":true}]}}