{"id":28505,"date":"2022-06-16T19:46:46","date_gmt":"2022-06-17T00:46:46","guid":{"rendered":"https:\/\/encuentroinformativo.com.mx\/?p=28505"},"modified":"2023-04-20T20:42:58","modified_gmt":"2023-04-21T02:42:58","slug":"le-roban-y-lo-asesinan-a-cuchilladas-en-su-vivienda-en-veracruz-puerto","status":"publish","type":"post","link":"https:\/\/encuentroinformativo.com.mx\/?p=28505","title":{"rendered":"Le roban y lo asesinan a cuchilladas en su vivienda en Veracruz puerto"},"content":{"rendered":"\n<p><strong>Alejandro \u00c1vila<\/strong><\/p>\n\n\n\n<p><strong>Fotos:<\/strong> Sergio Aldazaba\/Cortes\u00eda <\/p>\n\n\n\n<p>Veracruz, Ver.- Un sujeto fue asesinado en su propia vivienda tras ser v\u00edctima de un robo, los hechos ocurrieron en la Unidad Habitacional Palma Real del municipio de Veracruz.<\/p>\n\n\n\n<p>Fueron sus propios familiares qui\u00e9nes encontraron el cuerpo de la persona yacido en el piso, por lo que llamaron al n\u00famero de emergencias 911.<\/p>\n\n\n\n<p>Las corporaciones policiales acudieron al domicilio ubicado en la esquina de Paseo de Acozat con Paseo de Tehuantepec al poniente de la ciudad; el fallecido fue identificado como Luis Alberto R. L. de 42 a\u00f1os de edad, oriundo de Soledad de Doblado.<\/p>\n\n\n\n<p>Los familiares relataron el hoy occiso reci\u00e9n hab\u00eda regresado de un viaje al extranjero, por lo que intentaron comunicarse con \u00e9l para conocer los pormenores de su traves\u00eda pero este no contest\u00f3, motivo por el cual decidieron acudir a su hogar.<\/p>\n\n\n\n<p>Al tocar la puerta de la vivienda y tampoco obtener respuesta, decidieron abrir la puerta con la llave de repuesto con la que sus familiares contaban, fue ah\u00ed cuando vieron el cuerpo ba\u00f1ado en sangre y con un cuchillo enterrado en la garganta.<\/p>\n\n\n\n<p>Elementos de la Secretar\u00eda de Seguridad P\u00fablica le tomaron a los familiares la declaraci\u00f3n, y estos relataron que, adem\u00e1s de asesinar a Luis Alberto, se robaron su autom\u00f3vil y varias pertenencias de la casa.<\/p>\n\n\n\n<p>Momentos m\u00e1s tarde detectives de la polic\u00eda ministerial abrieron la indagatoria en torno al violento hecho mientras agentes de la direcci\u00f3n de servicios periciales fueron quienes se encargaron de realizar el levantamiento cuerpo.<\/p>\n\n\n\n<figure class=\"wp-block-image size-large\"><img loading=\"lazy\" decoding=\"async\" width=\"1024\" height=\"678\" src=\"https:\/\/encuentroinformativo.com.mx\/wp-content\/uploads\/2022\/06\/0D16E43A-EC54-4ED7-8979-9CDDBC405F09-1024x678.jpeg\" alt=\"\" class=\"wp-image-28507\" srcset=\"https:\/\/encuentroinformativo.com.mx\/wp-content\/uploads\/2022\/06\/0D16E43A-EC54-4ED7-8979-9CDDBC405F09-1024x678.jpeg 1024w, https:\/\/encuentroinformativo.com.mx\/wp-content\/uploads\/2022\/06\/0D16E43A-EC54-4ED7-8979-9CDDBC405F09-300x199.jpeg 300w, https:\/\/encuentroinformativo.com.mx\/wp-content\/uploads\/2022\/06\/0D16E43A-EC54-4ED7-8979-9CDDBC405F09-768x509.jpeg 768w, https:\/\/encuentroinformativo.com.mx\/wp-content\/uploads\/2022\/06\/0D16E43A-EC54-4ED7-8979-9CDDBC405F09-1536x1018.jpeg 1536w, https:\/\/encuentroinformativo.com.mx\/wp-content\/uploads\/2022\/06\/0D16E43A-EC54-4ED7-8979-9CDDBC405F09.jpeg 1600w\" sizes=\"auto, (max-width: 1024px) 100vw, 1024px\" \/><\/figure>\n","protected":false},"excerpt":{"rendered":"<p>Alejandro \u00c1vila Fotos: Sergio Aldazaba\/Cortes\u00eda Veracruz, Ver.- Un sujeto fue asesinado en su propia vivienda tras ser v\u00edctima de un robo, los hechos ocurrieron en la Unidad Habitacional Palma Real del municipio de Veracruz. Fueron sus propios familiares qui\u00e9nes encontraron el cuerpo de la persona yacido en el piso, por lo que llamaron al n\u00famero [&hellip;]<\/p>\n","protected":false},"author":1,"featured_media":28506,"comment_status":"open","ping_status":"open","sticky":false,"template":"","format":"standard","meta":{"_jetpack_memberships_contains_paid_content":false,"footnotes":""},"categories":[14],"tags":[],"class_list":["post-28505","post","type-post","status-publish","format-standard","has-post-thumbnail","hentry","category-policiaca"],"jetpack_featured_media_url":"https:\/\/encuentroinformativo.com.mx\/wp-content\/uploads\/2022\/06\/F19C2DD5-3180-4202-B57D-92DBFA4DF09F.jpeg","jetpack_sharing_enabled":true,"jetpack_likes_enabled":true,"amp_enabled":true,"_links":{"self":[{"href":"https:\/\/encuentroinformativo.com.mx\/index.php?rest_route=\/wp\/v2\/posts\/28505","targetHints":{"allow":["GET"]}}],"collection":[{"href":"https:\/\/encuentroinformativo.com.mx\/index.php?rest_route=\/wp\/v2\/posts"}],"about":[{"href":"https:\/\/encuentroinformativo.com.mx\/index.php?rest_route=\/wp\/v2\/types\/post"}],"author":[{"embeddable":true,"href":"https:\/\/encuentroinformativo.com.mx\/index.php?rest_route=\/wp\/v2\/users\/1"}],"replies":[{"embeddable":true,"href":"https:\/\/encuentroinformativo.com.mx\/index.php?rest_route=%2Fwp%2Fv2%2Fcomments&post=28505"}],"version-history":[{"count":1,"href":"https:\/\/encuentroinformativo.com.mx\/index.php?rest_route=\/wp\/v2\/posts\/28505\/revisions"}],"predecessor-version":[{"id":28508,"href":"https:\/\/encuentroinformativo.com.mx\/index.php?rest_route=\/wp\/v2\/posts\/28505\/revisions\/28508"}],"wp:featuredmedia":[{"embeddable":true,"href":"https:\/\/encuentroinformativo.com.mx\/index.php?rest_route=\/wp\/v2\/media\/28506"}],"wp:attachment":[{"href":"https:\/\/encuentroinformativo.com.mx\/index.php?rest_route=%2Fwp%2Fv2%2Fmedia&parent=28505"}],"wp:term":[{"taxonomy":"category","embeddable":true,"href":"https:\/\/encuentroinformativo.com.mx\/index.php?rest_route=%2Fwp%2Fv2%2Fcategories&post=28505"},{"taxonomy":"post_tag","embeddable":true,"href":"https:\/\/encuentroinformativo.com.mx\/index.php?rest_route=%2Fwp%2Fv2%2Ftags&post=28505"}],"curies":[{"name":"wp","href":"https:\/\/api.w.org\/{rel}","templated":true}]}}