{"id":28509,"date":"2022-06-17T09:38:09","date_gmt":"2022-06-17T14:38:09","guid":{"rendered":"https:\/\/encuentroinformativo.com.mx\/?p=28509"},"modified":"2022-06-17T09:38:13","modified_gmt":"2022-06-17T14:38:13","slug":"el-pri-no-entiende","status":"publish","type":"post","link":"https:\/\/encuentroinformativo.com.mx\/?p=28509","title":{"rendered":"El PRI no entiende"},"content":{"rendered":"\n<p><strong>Los Pol\u00edticos<\/strong><\/p>\n\n\n\n<p><strong>Salvador Mu\u00f1oz<\/strong><\/p>\n\n\n\n<p>Haciendo a un lado los supuestos intereses de Alejandro Moreno, dirigente nacional del PRI, que lo llevaron en un momento dado a ser llamado Amlito, hay que ser francos: Ni Osorio Chong ni Madrazo, ni Beatriz Paredes, ni el que usted diga, puede evitar el proceso pol\u00edtico natural que vive el PRI, no de ahora, tampoco en el 2018 o menos en el 2000\u2026 quiz\u00e1s hablamos de 1988\u2026<\/p>\n\n\n\n<p>Pasado el proceso electoral del 2018, hubo una idea entre los priistas de cambiarle de nuevo el nombre al partido.<\/p>\n\n\n\n<p>Seis a\u00f1os antes, se rumoraba que Enrique Pe\u00f1a Nieto y su c\u00edrculo cerrado (C\u00e9sar Camacho, Osorio Chong, Videgaray y Emilio Chuayffet) ten\u00edan intenciones de esto por dos razones:<\/p>\n\n\n\n<p>1.- Un tanto, para que Enrique Pe\u00f1a Nieto pasara a la historia al lado de Presidentes que llevaron a la Pila Bautismal al partido.<\/p>\n\n\n\n<p>Recordemos que Plutarco El\u00edas Calles lo llam\u00f3 Partido Nacional Revolucionario (PNR); lo refunda L\u00e1zaro C\u00e1rdenas como Partido de la Revoluci\u00f3n Mexicana y Manuel \u00c1vila Camacho lo vuelve a refundar como actualmente se llama, Partido Revolucionario Institucional. Es decir, por una cuarta ocasi\u00f3n cambiarle de nombre no ser\u00eda nuevo, m\u00e1s que el apelativo.<\/p>\n\n\n\n<p>2.- Y quiz\u00e1s m\u00e1s importante, el desgaste que tra\u00edan ya las siglas y todo lo que en la percepci\u00f3n de la sociedad implicaba el partido\u2026<\/p>\n\n\n\n<p>En una especie de Eufemismo Pol\u00edtico, se pensaba que cambiando el nombre, se quitaban los pecados.<\/p>\n\n\n\n<p>Hoy, la idea que tienen algunos priistas es cambiar al dirigente bajo la excusa de los p\u00e9simos resultados en los recientes procesos electorales.<\/p>\n\n\n\n<p>Decirlo as\u00ed es una especie de romanticismo o ceguera pol\u00edtica, pensando positivamente\u2026 \u00bfes decir que con un cambio de dirigente, en el 2023, Coahuila y Estado de M\u00e9xico las conserva el PRI?<\/p>\n\n\n\n<p>Creo que no se ha entendido que a partir del 2018, por citar lo inmediato, el ciudadano en un alto porcentaje dej\u00f3 de ver como una opci\u00f3n al PRI.<\/p>\n\n\n\n<p>Situ\u00e9monos en Veracruz, que dos a\u00f1os antes, vio una opci\u00f3n en el PAN para sacar de Palacio de Gobierno al otrora Partidazo.<\/p>\n\n\n\n<p>Ahora, en el 2018, el PRI en Veracruz lleg\u00f3 quiz\u00e1s con una de sus mejores cartas por cualquier lado que se le viera; quiz\u00e1s con el pol\u00edtico mejor preparado para llevar las riendas de un Gobierno; vamos, no hab\u00eda comparaci\u00f3n ni con Cuitl\u00e1huac ni con su \u201cprimo\u201d Yunes M\u00e1rquez\u2026 \u00a1y qued\u00f3 en tercer lugar! No porque la gente votara en contra de Pepe Yunes Zorrilla, no\u2026 la gente no vot\u00f3 por el PRI.<\/p>\n\n\n\n<p>El otrora Partidazo vive un proceso que puede concluirse en dos escenarios:<\/p>\n\n\n\n<p>1.- Sobrevive triunfando en el Estado de M\u00e9xico y Coahuila en 2023\u2026 lo que le da aire para el 2024\u2026<\/p>\n\n\n\n<p>2.- O si pierde en el 2023, estar\u00edamos hablando de que pasar\u00eda a ser parte del chiquitaje partidista.<\/p>\n\n\n\n<p>No se espanten\u2026 no se alegren\u2026 es lo m\u00e1s natural que puede haber en una sociedad que presume de democr\u00e1tica. S\u00f3lo piense cu\u00e1ntos partidos han nacido y muerto en menos tiempo de la crisis que sufre el PRI, misma que se agudiz\u00f3 en el 2018 y que podr\u00eda asegurar inici\u00f3 30 a\u00f1os antes, en 1988.<\/p>\n\n\n\n<p>Ahora, que si somos optimistas, a lo mejor el PRI de ninguna manera est\u00e1 desapareciendo\u2026 quiz\u00e1s nada m\u00e1s est\u00e9 mutando\u2026 y migrando\u2026 baste ver a Morena, con el mismo estilo del Partidazo en su apogeo\u2026 con el mismo modito de hacer pol\u00edtica del Partidazo en su apogeo\u2026 en una de \u00e9sas, Antoine Lavoisier era m\u00e1s pol\u00edtico que qu\u00edmico: el PRI no se crea ni se destruye\u2026 s\u00f3lo se transforma en Morena. En pocas palabras, el PRI no entiende que no es Alito, como tampoco lo fue Claudia Ruiz Massieu o Ren\u00e9 Ju\u00e1rez Cisneros o Enrique Ochoa Reza\u2026 simplemente es el PRI.<\/p>\n\n\n\n<p><a href=\"mailto:smcainito@gmail.com\" target=\"_blank\" rel=\"noreferrer noopener\">smcainito@gmail.com<\/a><\/p>\n","protected":false},"excerpt":{"rendered":"<p>Los Pol\u00edticos Salvador Mu\u00f1oz Haciendo a un lado los supuestos intereses de Alejandro Moreno, dirigente nacional del PRI, que lo llevaron en un momento dado a ser llamado Amlito, hay que ser francos: Ni Osorio Chong ni Madrazo, ni Beatriz Paredes, ni el que usted diga, puede evitar el proceso pol\u00edtico natural que vive el [&hellip;]<\/p>\n","protected":false},"author":1,"featured_media":387,"comment_status":"open","ping_status":"open","sticky":false,"template":"","format":"standard","meta":{"_jetpack_memberships_contains_paid_content":false,"footnotes":""},"categories":[11],"tags":[],"class_list":["post-28509","post","type-post","status-publish","format-standard","has-post-thumbnail","hentry","category-opinion"],"jetpack_featured_media_url":"https:\/\/encuentroinformativo.com.mx\/wp-content\/uploads\/2020\/03\/7CF8A22B-2764-47BE-8F7F-38FE9E5D6A2F.jpeg","jetpack_sharing_enabled":true,"jetpack_likes_enabled":true,"amp_enabled":true,"_links":{"self":[{"href":"https:\/\/encuentroinformativo.com.mx\/index.php?rest_route=\/wp\/v2\/posts\/28509","targetHints":{"allow":["GET"]}}],"collection":[{"href":"https:\/\/encuentroinformativo.com.mx\/index.php?rest_route=\/wp\/v2\/posts"}],"about":[{"href":"https:\/\/encuentroinformativo.com.mx\/index.php?rest_route=\/wp\/v2\/types\/post"}],"author":[{"embeddable":true,"href":"https:\/\/encuentroinformativo.com.mx\/index.php?rest_route=\/wp\/v2\/users\/1"}],"replies":[{"embeddable":true,"href":"https:\/\/encuentroinformativo.com.mx\/index.php?rest_route=%2Fwp%2Fv2%2Fcomments&post=28509"}],"version-history":[{"count":1,"href":"https:\/\/encuentroinformativo.com.mx\/index.php?rest_route=\/wp\/v2\/posts\/28509\/revisions"}],"predecessor-version":[{"id":28510,"href":"https:\/\/encuentroinformativo.com.mx\/index.php?rest_route=\/wp\/v2\/posts\/28509\/revisions\/28510"}],"wp:featuredmedia":[{"embeddable":true,"href":"https:\/\/encuentroinformativo.com.mx\/index.php?rest_route=\/wp\/v2\/media\/387"}],"wp:attachment":[{"href":"https:\/\/encuentroinformativo.com.mx\/index.php?rest_route=%2Fwp%2Fv2%2Fmedia&parent=28509"}],"wp:term":[{"taxonomy":"category","embeddable":true,"href":"https:\/\/encuentroinformativo.com.mx\/index.php?rest_route=%2Fwp%2Fv2%2Fcategories&post=28509"},{"taxonomy":"post_tag","embeddable":true,"href":"https:\/\/encuentroinformativo.com.mx\/index.php?rest_route=%2Fwp%2Fv2%2Ftags&post=28509"}],"curies":[{"name":"wp","href":"https:\/\/api.w.org\/{rel}","templated":true}]}}