{"id":28511,"date":"2022-06-17T09:42:45","date_gmt":"2022-06-17T14:42:45","guid":{"rendered":"https:\/\/encuentroinformativo.com.mx\/?p=28511"},"modified":"2022-06-17T09:42:49","modified_gmt":"2022-06-17T14:42:49","slug":"pma-clausura-universidad-privada-en-la-riviera-veracruzana","status":"publish","type":"post","link":"https:\/\/encuentroinformativo.com.mx\/?p=28511","title":{"rendered":"PMA clausura universidad privada en la Riviera Veracruzana"},"content":{"rendered":"\n<p><strong>Alejandro \u00c1vila<\/strong><\/p>\n\n\n\n<p>Alvarado, Ver.- La Procuradur\u00eda de Medio Ambiente de Veracruz clausur\u00f3 la tarde de este jueves la universidad privada Tec Milenio, misma que se encuentra en el bulevar &#8220;Riviera Veracruzana&#8221;, la zona de mayor plusval\u00eda el entidad veracruzana.<\/p>\n\n\n\n<p>El subprocurador Gaspar Monteagudo aclar\u00f3 que, este jueves se hizo un inicio de procedimiento donde se ratific\u00f3 la clausura que ya se hab\u00eda hecho anteriormente.<\/p>\n\n\n\n<p>La clausura detall\u00f3, se realiz\u00f3 por no tener los permisos o documentales qu\u00e9 marca la ley, en cuanto al manejo de los residuos de manejo especial y los residuos s\u00f3lidos urbanos.<\/p>\n\n\n\n<p>&#8220;Esta universidad lo que estaba haciendo era darle los residuos a terceros y al propio municipio (Alvarado), qui\u00e9nes estaban llevandolos al tiradero a cielo abierto que se encuentra en Ant\u00f3n Lizardo. Eso no est\u00e1 permitido, toda vez que la ley perfectamente habla que todos los residuos de manejo especial deben de ser llevados a un relleno sanitario, todos aquellos residuos que no son susceptibles de reciclaje, remanufactura o reaprovechamiento, deber\u00e1n ser trasladados a un relleno sanitario debidamente acreditado por la Secretar\u00eda de Medio Ambiente del estado, y que cumpla con normatividad ambiental, es algo que no estaba&#8221;, apunt\u00f3.<\/p>\n\n\n\n<p>La universidad Tec Milenio se encuentra en remodelaci\u00f3n, y recibi\u00f3 la visita del personal de la Procuradur\u00eda de Medio Ambiente el pasado fin de semana, y tras cinco d\u00edas de pr\u00f3rroga que se les dio para presentar su documentaci\u00f3n, est\u00e1 no pudo ser acreditada.<\/p>\n\n\n\n<p>Gaspar Monteagudo puntualiz\u00f3 que, si bien la universidad se encuentra clausurada y este viernes es la graduaci\u00f3n de la generaci\u00f3n 2022, la comunidad estudiantil no se ver\u00e1 afectada por esta situaci\u00f3n.<\/p>\n\n\n\n<p>&#8220;Se le comento a la directora que ella s\u00ed puede hacer alguna situaci\u00f3n de entrega de documentos, entrar y ver alguna situaci\u00f3n de la documentaci\u00f3n de los estudiantes, para que no les perjudique. La cuesti\u00f3n de su certificaci\u00f3n, de sus titulaciones, de algunas boletas, para algunas situaciones ellos pueden ingresar&#8221;, remat\u00f3.<\/p>\n","protected":false},"excerpt":{"rendered":"<p>Alejandro \u00c1vila Alvarado, Ver.- La Procuradur\u00eda de Medio Ambiente de Veracruz clausur\u00f3 la tarde de este jueves la universidad privada Tec Milenio, misma que se encuentra en el bulevar &#8220;Riviera Veracruzana&#8221;, la zona de mayor plusval\u00eda el entidad veracruzana. El subprocurador Gaspar Monteagudo aclar\u00f3 que, este jueves se hizo un inicio de procedimiento donde se [&hellip;]<\/p>\n","protected":false},"author":1,"featured_media":28512,"comment_status":"open","ping_status":"open","sticky":false,"template":"","format":"standard","meta":{"_jetpack_memberships_contains_paid_content":false,"footnotes":""},"categories":[2],"tags":[],"class_list":["post-28511","post","type-post","status-publish","format-standard","has-post-thumbnail","hentry","category-estado"],"jetpack_featured_media_url":"https:\/\/encuentroinformativo.com.mx\/wp-content\/uploads\/2022\/06\/00833152-6A56-41B6-AC2D-30C587F56EFA.jpeg","jetpack_sharing_enabled":true,"jetpack_likes_enabled":true,"amp_enabled":true,"_links":{"self":[{"href":"https:\/\/encuentroinformativo.com.mx\/index.php?rest_route=\/wp\/v2\/posts\/28511","targetHints":{"allow":["GET"]}}],"collection":[{"href":"https:\/\/encuentroinformativo.com.mx\/index.php?rest_route=\/wp\/v2\/posts"}],"about":[{"href":"https:\/\/encuentroinformativo.com.mx\/index.php?rest_route=\/wp\/v2\/types\/post"}],"author":[{"embeddable":true,"href":"https:\/\/encuentroinformativo.com.mx\/index.php?rest_route=\/wp\/v2\/users\/1"}],"replies":[{"embeddable":true,"href":"https:\/\/encuentroinformativo.com.mx\/index.php?rest_route=%2Fwp%2Fv2%2Fcomments&post=28511"}],"version-history":[{"count":1,"href":"https:\/\/encuentroinformativo.com.mx\/index.php?rest_route=\/wp\/v2\/posts\/28511\/revisions"}],"predecessor-version":[{"id":28513,"href":"https:\/\/encuentroinformativo.com.mx\/index.php?rest_route=\/wp\/v2\/posts\/28511\/revisions\/28513"}],"wp:featuredmedia":[{"embeddable":true,"href":"https:\/\/encuentroinformativo.com.mx\/index.php?rest_route=\/wp\/v2\/media\/28512"}],"wp:attachment":[{"href":"https:\/\/encuentroinformativo.com.mx\/index.php?rest_route=%2Fwp%2Fv2%2Fmedia&parent=28511"}],"wp:term":[{"taxonomy":"category","embeddable":true,"href":"https:\/\/encuentroinformativo.com.mx\/index.php?rest_route=%2Fwp%2Fv2%2Fcategories&post=28511"},{"taxonomy":"post_tag","embeddable":true,"href":"https:\/\/encuentroinformativo.com.mx\/index.php?rest_route=%2Fwp%2Fv2%2Ftags&post=28511"}],"curies":[{"name":"wp","href":"https:\/\/api.w.org\/{rel}","templated":true}]}}