{"id":28514,"date":"2022-06-17T12:04:07","date_gmt":"2022-06-17T17:04:07","guid":{"rendered":"https:\/\/encuentroinformativo.com.mx\/?p=28514"},"modified":"2022-06-17T12:04:10","modified_gmt":"2022-06-17T17:04:10","slug":"desconoce-sectur-si-gobernador-coronara-a-reina-del-carnaval-de-veracruz","status":"publish","type":"post","link":"https:\/\/encuentroinformativo.com.mx\/?p=28514","title":{"rendered":"Desconoce SECTUR si gobernador coronar\u00e1 a Reina del Carnaval de Veracruz"},"content":{"rendered":"\n<p><strong>Alejandro \u00c1vila<\/strong><\/p>\n\n\n\n<p>Veracruz, Ver.- En el Carnaval de Veracruz existe la tradici\u00f3n de que el gobernador en turno corone a la soberana de ese a\u00f1o; sin embargo, el secretario de Turismo, Iv\u00e1n Francisco Mart\u00ednez Olvera, dijo desconocer si el Ayuntamiento de Veracruz le ha enviado invitaci\u00f3n, y si el mandatario estatal responder\u00e1 a la misma.<\/p>\n\n\n\n<p>Mart\u00ednez Olvera apunt\u00f3 que, la coordinaci\u00f3n con el Ayuntamiento de Veracruz para realizar el Carnaval en su edici\u00f3n 2022 ha sido muy buena, por lo cual se esperan buenos dividendos en cuanto a la log\u00edstica, seguridad y derrama econ\u00f3mica.<\/p>\n\n\n\n<p>&#8221; No sabr\u00eda decirles, hace falta que llegue a la invitaci\u00f3n y ya sobre eso se evaluar\u00eda.(\u2026) ah\u00ed s\u00ed, no sabr\u00eda decir la agenda que tiene el gobernador, y bueno, es una festividad que administra directamente al Ayuntamiento, pero estamos trabajando de manera muy coordinada, muy de la mano, la verdad es que no hay ningun otro tipo de situaci\u00f3n porque estamos apoyando, ellos nos est\u00e1n apoyando tambi\u00e9n, y de manera muy coordinada, muy amable, muy cort\u00e9s&#8221;, apunt\u00f3.<\/p>\n\n\n\n<p>En cuanto al Festival de Velas que se desarrollar\u00e1n del 23 al 29 de junio dijo que, la presencia del presidente Andr\u00e9s Manuel L\u00f3pez Obrador a\u00fan no est\u00e1 confirmada, aunque reconoci\u00f3 que&nbsp; la Secretar\u00eda de Marina ya le env\u00edo la invitaci\u00f3n al Comandante Supremo de las Fuerzas Armadas mexicanas.<\/p>\n\n\n\n<p>Finalmente coment\u00f3 que, no existe riesgo durante el Festival de Velas y el Carnaval de Veracruz de que haya un rebrote de COVID 19 como se ha manejado en otros puntos del pa\u00eds, donde se dice ya hay una quinta ola de contagios, pues asegur\u00f3 en la entidad veracruzana el porcentaje de personas vacunadas es muy alto.<\/p>\n","protected":false},"excerpt":{"rendered":"<p>Alejandro \u00c1vila Veracruz, Ver.- En el Carnaval de Veracruz existe la tradici\u00f3n de que el gobernador en turno corone a la soberana de ese a\u00f1o; sin embargo, el secretario de Turismo, Iv\u00e1n Francisco Mart\u00ednez Olvera, dijo desconocer si el Ayuntamiento de Veracruz le ha enviado invitaci\u00f3n, y si el mandatario estatal responder\u00e1 a la misma. [&hellip;]<\/p>\n","protected":false},"author":1,"featured_media":28515,"comment_status":"open","ping_status":"open","sticky":false,"template":"","format":"standard","meta":{"_jetpack_memberships_contains_paid_content":false,"footnotes":""},"categories":[2],"tags":[],"class_list":["post-28514","post","type-post","status-publish","format-standard","has-post-thumbnail","hentry","category-estado"],"jetpack_featured_media_url":"https:\/\/encuentroinformativo.com.mx\/wp-content\/uploads\/2022\/06\/26C7FEB5-1F96-4AE3-B4B3-FC05336EB4FA.jpeg","jetpack_sharing_enabled":true,"jetpack_likes_enabled":true,"amp_enabled":true,"_links":{"self":[{"href":"https:\/\/encuentroinformativo.com.mx\/index.php?rest_route=\/wp\/v2\/posts\/28514","targetHints":{"allow":["GET"]}}],"collection":[{"href":"https:\/\/encuentroinformativo.com.mx\/index.php?rest_route=\/wp\/v2\/posts"}],"about":[{"href":"https:\/\/encuentroinformativo.com.mx\/index.php?rest_route=\/wp\/v2\/types\/post"}],"author":[{"embeddable":true,"href":"https:\/\/encuentroinformativo.com.mx\/index.php?rest_route=\/wp\/v2\/users\/1"}],"replies":[{"embeddable":true,"href":"https:\/\/encuentroinformativo.com.mx\/index.php?rest_route=%2Fwp%2Fv2%2Fcomments&post=28514"}],"version-history":[{"count":1,"href":"https:\/\/encuentroinformativo.com.mx\/index.php?rest_route=\/wp\/v2\/posts\/28514\/revisions"}],"predecessor-version":[{"id":28516,"href":"https:\/\/encuentroinformativo.com.mx\/index.php?rest_route=\/wp\/v2\/posts\/28514\/revisions\/28516"}],"wp:featuredmedia":[{"embeddable":true,"href":"https:\/\/encuentroinformativo.com.mx\/index.php?rest_route=\/wp\/v2\/media\/28515"}],"wp:attachment":[{"href":"https:\/\/encuentroinformativo.com.mx\/index.php?rest_route=%2Fwp%2Fv2%2Fmedia&parent=28514"}],"wp:term":[{"taxonomy":"category","embeddable":true,"href":"https:\/\/encuentroinformativo.com.mx\/index.php?rest_route=%2Fwp%2Fv2%2Fcategories&post=28514"},{"taxonomy":"post_tag","embeddable":true,"href":"https:\/\/encuentroinformativo.com.mx\/index.php?rest_route=%2Fwp%2Fv2%2Ftags&post=28514"}],"curies":[{"name":"wp","href":"https:\/\/api.w.org\/{rel}","templated":true}]}}