{"id":2852,"date":"2020-05-27T13:32:03","date_gmt":"2020-05-27T18:32:03","guid":{"rendered":"https:\/\/encuentroinformativo.com\/?p=2852"},"modified":"2020-05-27T13:32:05","modified_gmt":"2020-05-27T18:32:05","slug":"registran-evangelicos-deceso-de-5-pastores-a-causa-de-covid-19","status":"publish","type":"post","link":"https:\/\/encuentroinformativo.com.mx\/?p=2852","title":{"rendered":"Registran evang\u00e9licos deceso de 5 pastores a causa de Covid-19"},"content":{"rendered":"\n<p><strong>Dar\u00edo Pale <\/strong><\/p>\n\n\n\n<p>Xalapa, Ver.- Guillermo Trujillo \u00c1lvarez, presidente de la Red Evang\u00e9lica del estado de Veracruz dio a conocer que en las iglesias evang\u00e9licas de Veracruz ya se registra la muerte de cinco pastores: en Papantla, Coatzintla, Tuxpan, Minatitl\u00e1n y Tierra Blanca.<\/p>\n\n\n\n<p>Adem\u00e1s, dijo, \u201cel Frente Nacional Evang\u00e9lico nos ha reportado que en el \u00faltimo mes se ha registrado la muerte de 50 pastores por Covid-19 y aproximadamente cien contagiados\u201d.<\/p>\n\n\n\n<p>Por lo anterior hizo un llamado a toda la sociedad a no relajar las medidas sanitarias ni de restricci\u00f3n a partir del uno de junio y que se tome muy en serio el da\u00f1o que causa Covid-19, afirm\u00f3 mencionada Red.<\/p>\n\n\n\n<p>\u201cDe verdad, la del coronavirus es una situaci\u00f3n cada vez m\u00e1s grave y lamentable, en el pa\u00eds ya llegamos a m\u00e1s de ocho mil fallecidos y en Veracruz siguen aumentando los casos de fallecimientos y contagios. Tenemos una situaci\u00f3n grave y por ello hacemos un llamado a la sociedad para que no se relajen las medidas de restricci\u00f3n ni de higiene, nadie debe confiarse\u201d, advirti\u00f3.<\/p>\n\n\n\n<p>Refiri\u00f3 que la gente que debe salir diariamente a buscar el sustento de sus familias debe hacerlo con mucho cuidado, con mucha responsabilidad y anteponer en todo momento las medidas de sanidad indicadas.<\/p>\n\n\n\n<p>Guillermo Trujillo manifest\u00f3 que se debe hacer caso en todo momento a lo que digan las autoridades y tomar muy en serio en todo momento los efectos negativos y mortales de Covid-19.<\/p>\n\n\n\n<p>Tambi\u00e9n llam\u00f3 a los padres de familia a evitar todo tipo de violencia intrafamiliar que, seg\u00fan informes, ha aumentado hasta en un 30%.<\/p>\n\n\n\n<p>\u201cDebemos aprovechas los momentos que estamos en familia para hacer reflexi\u00f3n, para dialogar entre nosotros, para hacer oraci\u00f3n y meditaci\u00f3n. El Covid-19 nos ha hecho mucho da\u00f1o a nuestra econom\u00eda y no debemos permitir que nos siga da\u00f1ando m\u00e1s\u201d, finaliz\u00f3.<\/p>\n\n\n\n<p><\/p>\n","protected":false},"excerpt":{"rendered":"<p>Dar\u00edo Pale Xalapa, Ver.- Guillermo Trujillo \u00c1lvarez, presidente de la Red Evang\u00e9lica del estado de Veracruz dio a conocer que en las iglesias evang\u00e9licas de Veracruz ya se registra la muerte de cinco pastores: en Papantla, Coatzintla, Tuxpan, Minatitl\u00e1n y Tierra Blanca. Adem\u00e1s, dijo, \u201cel Frente Nacional Evang\u00e9lico nos ha reportado que en el \u00faltimo [&hellip;]<\/p>\n","protected":false},"author":1,"featured_media":2853,"comment_status":"open","ping_status":"open","sticky":false,"template":"","format":"standard","meta":{"_jetpack_memberships_contains_paid_content":false,"footnotes":""},"categories":[2],"tags":[],"class_list":["post-2852","post","type-post","status-publish","format-standard","has-post-thumbnail","hentry","category-estado"],"jetpack_featured_media_url":"https:\/\/encuentroinformativo.com.mx\/wp-content\/uploads\/2020\/05\/D9CEA39E-7234-4983-9ABB-58DF173C51AB.jpeg","jetpack_sharing_enabled":true,"jetpack_likes_enabled":true,"amp_enabled":true,"_links":{"self":[{"href":"https:\/\/encuentroinformativo.com.mx\/index.php?rest_route=\/wp\/v2\/posts\/2852","targetHints":{"allow":["GET"]}}],"collection":[{"href":"https:\/\/encuentroinformativo.com.mx\/index.php?rest_route=\/wp\/v2\/posts"}],"about":[{"href":"https:\/\/encuentroinformativo.com.mx\/index.php?rest_route=\/wp\/v2\/types\/post"}],"author":[{"embeddable":true,"href":"https:\/\/encuentroinformativo.com.mx\/index.php?rest_route=\/wp\/v2\/users\/1"}],"replies":[{"embeddable":true,"href":"https:\/\/encuentroinformativo.com.mx\/index.php?rest_route=%2Fwp%2Fv2%2Fcomments&post=2852"}],"version-history":[{"count":1,"href":"https:\/\/encuentroinformativo.com.mx\/index.php?rest_route=\/wp\/v2\/posts\/2852\/revisions"}],"predecessor-version":[{"id":2854,"href":"https:\/\/encuentroinformativo.com.mx\/index.php?rest_route=\/wp\/v2\/posts\/2852\/revisions\/2854"}],"wp:featuredmedia":[{"embeddable":true,"href":"https:\/\/encuentroinformativo.com.mx\/index.php?rest_route=\/wp\/v2\/media\/2853"}],"wp:attachment":[{"href":"https:\/\/encuentroinformativo.com.mx\/index.php?rest_route=%2Fwp%2Fv2%2Fmedia&parent=2852"}],"wp:term":[{"taxonomy":"category","embeddable":true,"href":"https:\/\/encuentroinformativo.com.mx\/index.php?rest_route=%2Fwp%2Fv2%2Fcategories&post=2852"},{"taxonomy":"post_tag","embeddable":true,"href":"https:\/\/encuentroinformativo.com.mx\/index.php?rest_route=%2Fwp%2Fv2%2Ftags&post=2852"}],"curies":[{"name":"wp","href":"https:\/\/api.w.org\/{rel}","templated":true}]}}