{"id":28523,"date":"2022-06-17T12:16:00","date_gmt":"2022-06-17T17:16:00","guid":{"rendered":"https:\/\/encuentroinformativo.com.mx\/?p=28523"},"modified":"2022-06-17T12:16:03","modified_gmt":"2022-06-17T17:16:03","slug":"ayuntamiento-de-alvarado-requiere-apoyo-de-gobierno-para-rehabilitar-caminos-alcaldesa","status":"publish","type":"post","link":"https:\/\/encuentroinformativo.com.mx\/?p=28523","title":{"rendered":"Ayuntamiento de Alvarado requiere apoyo de Gobierno para rehabilitar caminos: Alcaldesa"},"content":{"rendered":"\n<p><strong>Alejandro \u00c1vila<\/strong><\/p>\n\n\n\n<p>Veracruz, Ver.- Para culminar la rehabilitaci\u00f3n del camino hacia la zona de La Trocha que sufri\u00f3 de un deslave por las olas del mar, se necesita el apoyo del Gobierno del Estado asegur\u00f3 la alcaldesa de Alvarado, Lizette \u00c1lvarez Vera.<\/p>\n\n\n\n<p>Tras la denuncia hecha por los estudiantes del Instituto Tecnol\u00f3gico de Alvarado, qui\u00e9nes aseguraron corr\u00edan riesgo de accidentarse tras el p\u00e9simo estado de la ruta de acceso a la instituci\u00f3n educativa, el Ayuntamiento inici\u00f3 con los trabajos de rehabilitaci\u00f3n y a la fecha se asegura llevan un 60 por ciento de su mejora.<\/p>\n\n\n\n<p>&#8220;No est\u00e1 del todo concluido el trabajo pero ya s\u00e9 avanzado bastante, esperamos ahora el apoyo del Gobierno del Estado, ya que en este camino se tiene el ingreso a lo que es el Tecnol\u00f3gico, y bueno, como Ayuntamiento estamos dentro de nuestras posibilidades tratando de resolver el tema del camino, apoyando en lo que como Ayuntamiento podemos realizar (\u2026) considero que el camino ya debe de estar habilitado a un 60 por ciento, ya debe tener una cosa m\u00e1s fluido, pero se necesita del apoyo del Gobierno del Estado para poder concluir y que los alumnos tengan un acceso digno para sus instalaciones&#8221;, se\u00f1al\u00f3 la edil.<\/p>\n\n\n\n<p>La presidenta municipal agreg\u00f3 que, hasta el momento el Gobierno del Estado no les ha dado respuesta, aunque reconoci\u00f3, ya se ha hecho la solicitud pertinente ante la Secretar\u00eda de Infraestructura y Obra P\u00fablica (SIOP), para que les brinde el apoyo necesario.<\/p>\n\n\n\n<p>Destac\u00f3 que justo en estas fechas es el momento adecuado para iniciar con la rehabilitaci\u00f3n del camino, pues acaba de iniciar el periodo vacacional, y el siguiente ciclo el escolar inicia hasta el mes de septiembre.<\/p>\n","protected":false},"excerpt":{"rendered":"<p>Alejandro \u00c1vila Veracruz, Ver.- Para culminar la rehabilitaci\u00f3n del camino hacia la zona de La Trocha que sufri\u00f3 de un deslave por las olas del mar, se necesita el apoyo del Gobierno del Estado asegur\u00f3 la alcaldesa de Alvarado, Lizette \u00c1lvarez Vera. Tras la denuncia hecha por los estudiantes del Instituto Tecnol\u00f3gico de Alvarado, qui\u00e9nes [&hellip;]<\/p>\n","protected":false},"author":1,"featured_media":28524,"comment_status":"open","ping_status":"open","sticky":false,"template":"","format":"standard","meta":{"_jetpack_memberships_contains_paid_content":false,"footnotes":""},"categories":[2],"tags":[],"class_list":["post-28523","post","type-post","status-publish","format-standard","has-post-thumbnail","hentry","category-estado"],"jetpack_featured_media_url":"https:\/\/encuentroinformativo.com.mx\/wp-content\/uploads\/2022\/06\/8FE54AA7-5CA1-4A6A-AE21-295382F3A2F9.jpeg","jetpack_sharing_enabled":true,"jetpack_likes_enabled":true,"amp_enabled":true,"_links":{"self":[{"href":"https:\/\/encuentroinformativo.com.mx\/index.php?rest_route=\/wp\/v2\/posts\/28523","targetHints":{"allow":["GET"]}}],"collection":[{"href":"https:\/\/encuentroinformativo.com.mx\/index.php?rest_route=\/wp\/v2\/posts"}],"about":[{"href":"https:\/\/encuentroinformativo.com.mx\/index.php?rest_route=\/wp\/v2\/types\/post"}],"author":[{"embeddable":true,"href":"https:\/\/encuentroinformativo.com.mx\/index.php?rest_route=\/wp\/v2\/users\/1"}],"replies":[{"embeddable":true,"href":"https:\/\/encuentroinformativo.com.mx\/index.php?rest_route=%2Fwp%2Fv2%2Fcomments&post=28523"}],"version-history":[{"count":1,"href":"https:\/\/encuentroinformativo.com.mx\/index.php?rest_route=\/wp\/v2\/posts\/28523\/revisions"}],"predecessor-version":[{"id":28525,"href":"https:\/\/encuentroinformativo.com.mx\/index.php?rest_route=\/wp\/v2\/posts\/28523\/revisions\/28525"}],"wp:featuredmedia":[{"embeddable":true,"href":"https:\/\/encuentroinformativo.com.mx\/index.php?rest_route=\/wp\/v2\/media\/28524"}],"wp:attachment":[{"href":"https:\/\/encuentroinformativo.com.mx\/index.php?rest_route=%2Fwp%2Fv2%2Fmedia&parent=28523"}],"wp:term":[{"taxonomy":"category","embeddable":true,"href":"https:\/\/encuentroinformativo.com.mx\/index.php?rest_route=%2Fwp%2Fv2%2Fcategories&post=28523"},{"taxonomy":"post_tag","embeddable":true,"href":"https:\/\/encuentroinformativo.com.mx\/index.php?rest_route=%2Fwp%2Fv2%2Ftags&post=28523"}],"curies":[{"name":"wp","href":"https:\/\/api.w.org\/{rel}","templated":true}]}}