{"id":28529,"date":"2022-06-17T13:41:35","date_gmt":"2022-06-17T18:41:35","guid":{"rendered":"https:\/\/encuentroinformativo.com.mx\/?p=28529"},"modified":"2022-06-17T13:41:38","modified_gmt":"2022-06-17T18:41:38","slug":"se-incrementa-paso-de-migrantes-por-veracruz","status":"publish","type":"post","link":"https:\/\/encuentroinformativo.com.mx\/?p=28529","title":{"rendered":"Se incrementa paso de migrantes por Veracruz"},"content":{"rendered":"\n<p><strong>Juan Arcos <\/strong><\/p>\n\n\n\n<p>Xalapa, Ver.- El paso de migrantes por territorio veracruzano ha incrementado en los \u00faltimos meses de manera significativa, revel\u00f3 el director general de Atenci\u00f3n a Migrantes, Carlos Enrique Escalante Igual.<\/p>\n\n\n\n<p>El funcionario estatal dio a conocer que en la Estaci\u00f3n Migratoria de Acayucan, ubicada en la zona sur de la entidad, se reporta la llegada de entre 350 y 400 extranjeros al d\u00eda.<\/p>\n\n\n\n<p>\u201cLas cifras exactas son las que arroja el Instituto Nacional de Migraci\u00f3n, que son los aseguramientos que hacen todos los d\u00edas y que van de los 350 a los 400 personas al d\u00eda\u201d, detall\u00f3.<\/p>\n\n\n\n<p>Tambi\u00e9n coment\u00f3 que la mayor\u00eda de los migrantes centroamericanos, procedentes de Guatemala, Honduras y El Salvador, son deportados a sus pa\u00edses de origen.<\/p>\n\n\n\n<p>Mencion\u00f3 que algunos de los indocumentados intentan varias veces ingresar al territorio nacional para cruzar la frontera norte en busca del \u201csue\u00f1o americano\u201d en Estados Unidos.<\/p>\n\n\n\n<p>Escalante Igual indic\u00f3 que el flujo migratorio se ha incrementado tras la relajaci\u00f3n de la pandemia por Sars-Cov2 (Covid-19).<\/p>\n\n\n\n<p>El Director General de Atenci\u00f3n a Migrantes en Veracruz coment\u00f3 que contin\u00faan conform\u00e1ndose caravanas de centroamericanos; sin embargo, se han dispersado en su paso por otros estados de la Rep\u00fablica.<\/p>\n\n\n\n<p>\u201cTuvimos una caravana de cinco mil personas que se deshizo muy r\u00e1pido, estuve en el sur del estado viendo este tema y me tuve que regresar porque en Chiapas se disolvi\u00f3 la caravana, porque el Instituto Nacional de Migraci\u00f3n les otorg\u00f3 sus oficios de salida para estar en el pa\u00eds 30 d\u00edas, para que fueran a la frontera norte o sur, seg\u00fan lo que ellos desearan\u201d, agreg\u00f3.<\/p>\n\n\n\n<p>Cabe destacar que la Secretar\u00eda de Seguridad P\u00fablica (SSP) ha informado con frecuencia sobre el aseguramiento de migrantes, sobre todo en municipios de la zona sur del estado de Veracruz, donde muchas veces viajan hacinados al interior de cajas de tr\u00e1ileres, poniendo en peligro su vida.<\/p>\n","protected":false},"excerpt":{"rendered":"<p>Juan Arcos Xalapa, Ver.- El paso de migrantes por territorio veracruzano ha incrementado en los \u00faltimos meses de manera significativa, revel\u00f3 el director general de Atenci\u00f3n a Migrantes, Carlos Enrique Escalante Igual. El funcionario estatal dio a conocer que en la Estaci\u00f3n Migratoria de Acayucan, ubicada en la zona sur de la entidad, se reporta [&hellip;]<\/p>\n","protected":false},"author":1,"featured_media":28530,"comment_status":"open","ping_status":"open","sticky":false,"template":"","format":"standard","meta":{"_jetpack_memberships_contains_paid_content":false,"footnotes":""},"categories":[2],"tags":[],"class_list":["post-28529","post","type-post","status-publish","format-standard","has-post-thumbnail","hentry","category-estado"],"jetpack_featured_media_url":"https:\/\/encuentroinformativo.com.mx\/wp-content\/uploads\/2022\/06\/123410DD-A5EF-4EA4-AF7D-8E223168B62F-scaled.jpeg","jetpack_sharing_enabled":true,"jetpack_likes_enabled":true,"amp_enabled":true,"_links":{"self":[{"href":"https:\/\/encuentroinformativo.com.mx\/index.php?rest_route=\/wp\/v2\/posts\/28529","targetHints":{"allow":["GET"]}}],"collection":[{"href":"https:\/\/encuentroinformativo.com.mx\/index.php?rest_route=\/wp\/v2\/posts"}],"about":[{"href":"https:\/\/encuentroinformativo.com.mx\/index.php?rest_route=\/wp\/v2\/types\/post"}],"author":[{"embeddable":true,"href":"https:\/\/encuentroinformativo.com.mx\/index.php?rest_route=\/wp\/v2\/users\/1"}],"replies":[{"embeddable":true,"href":"https:\/\/encuentroinformativo.com.mx\/index.php?rest_route=%2Fwp%2Fv2%2Fcomments&post=28529"}],"version-history":[{"count":1,"href":"https:\/\/encuentroinformativo.com.mx\/index.php?rest_route=\/wp\/v2\/posts\/28529\/revisions"}],"predecessor-version":[{"id":28531,"href":"https:\/\/encuentroinformativo.com.mx\/index.php?rest_route=\/wp\/v2\/posts\/28529\/revisions\/28531"}],"wp:featuredmedia":[{"embeddable":true,"href":"https:\/\/encuentroinformativo.com.mx\/index.php?rest_route=\/wp\/v2\/media\/28530"}],"wp:attachment":[{"href":"https:\/\/encuentroinformativo.com.mx\/index.php?rest_route=%2Fwp%2Fv2%2Fmedia&parent=28529"}],"wp:term":[{"taxonomy":"category","embeddable":true,"href":"https:\/\/encuentroinformativo.com.mx\/index.php?rest_route=%2Fwp%2Fv2%2Fcategories&post=28529"},{"taxonomy":"post_tag","embeddable":true,"href":"https:\/\/encuentroinformativo.com.mx\/index.php?rest_route=%2Fwp%2Fv2%2Ftags&post=28529"}],"curies":[{"name":"wp","href":"https:\/\/api.w.org\/{rel}","templated":true}]}}