{"id":28535,"date":"2022-06-17T19:26:41","date_gmt":"2022-06-18T00:26:41","guid":{"rendered":"https:\/\/encuentroinformativo.com.mx\/?p=28535"},"modified":"2022-06-17T19:26:44","modified_gmt":"2022-06-18T00:26:44","slug":"se-pierden-cabezas-de-ganado-durante-sequia-en-cotaxtla","status":"publish","type":"post","link":"https:\/\/encuentroinformativo.com.mx\/?p=28535","title":{"rendered":"Se pierden cabezas de ganado durante sequ\u00eda en Cotaxtla"},"content":{"rendered":"\n<p><strong>Alejandro \u00c1vila<\/strong><\/p>\n\n\n\n<p>Veracruz, Ver.- El alcalde de Cotaxtla, Jos\u00e9 Saturnino Beltr\u00e1n V\u00e1zquez reconoci\u00f3 que, durante la sequ\u00eda los productores primarios de su municipio se vieron severamente afectados; incluso, hubo p\u00e9rdidas de cabezas de ganado.<\/p>\n\n\n\n<p>El edil se\u00f1al\u00f3 que, se encuentran realizando el an\u00e1lisis de cu\u00e1ntas cabezas de ganado perdi\u00f3 cada productor primario durante la sequ\u00eda.<\/p>\n\n\n\n<p>&#8220;La ganader\u00eda mucho, la persona que se dedica a la actividad ganadera sufri\u00f3 mucho para poder mantener al ganado, se ten\u00eda que dar alimento, agua, pero afortunadamente con las lluvias que ya nos est\u00e1n llegando todo esto se est\u00e1 solucionando (\u2026) s\u00ed, se perdieron bastantes cabezas de ganado (\u2026) con la Ganadera estamos cuadrando la afectaci\u00f3n, sobre todo el \u00faltimo mes fue donde m\u00e1s afect\u00f3, y estamos desarrollando un programa de apoyo, de apoyo para minimizar este da\u00f1o&#8221;, puntualiz\u00f3.<\/p>\n\n\n\n<p>En cuanto al cultivo dijo qu\u00e9, Cotaxtla mayormente tiene producci\u00f3n de lim\u00f3n, aproximadamente 7 mil hect\u00e1reas, y durante la sequ\u00eda se disminuy\u00f3 considerablemente la producci\u00f3n de lim\u00f3n.<\/p>\n\n\n\n<p>En otro tema dijo que, tras una reuni\u00f3n con su Cabildo, se aprob\u00f3 solicitar la ayuda de Gobierno Federal para coadyuvar en la limpieza del R\u00edo Cotaxtla.<\/p>\n","protected":false},"excerpt":{"rendered":"<p>Alejandro \u00c1vila Veracruz, Ver.- El alcalde de Cotaxtla, Jos\u00e9 Saturnino Beltr\u00e1n V\u00e1zquez reconoci\u00f3 que, durante la sequ\u00eda los productores primarios de su municipio se vieron severamente afectados; incluso, hubo p\u00e9rdidas de cabezas de ganado. El edil se\u00f1al\u00f3 que, se encuentran realizando el an\u00e1lisis de cu\u00e1ntas cabezas de ganado perdi\u00f3 cada productor primario durante la sequ\u00eda. [&hellip;]<\/p>\n","protected":false},"author":1,"featured_media":28536,"comment_status":"open","ping_status":"open","sticky":false,"template":"","format":"standard","meta":{"_jetpack_memberships_contains_paid_content":false,"footnotes":""},"categories":[2],"tags":[],"class_list":["post-28535","post","type-post","status-publish","format-standard","has-post-thumbnail","hentry","category-estado"],"jetpack_featured_media_url":"https:\/\/encuentroinformativo.com.mx\/wp-content\/uploads\/2022\/06\/0A63BE93-C394-4B63-8183-2ACFBF48EFA5.jpeg","jetpack_sharing_enabled":true,"jetpack_likes_enabled":true,"amp_enabled":true,"_links":{"self":[{"href":"https:\/\/encuentroinformativo.com.mx\/index.php?rest_route=\/wp\/v2\/posts\/28535","targetHints":{"allow":["GET"]}}],"collection":[{"href":"https:\/\/encuentroinformativo.com.mx\/index.php?rest_route=\/wp\/v2\/posts"}],"about":[{"href":"https:\/\/encuentroinformativo.com.mx\/index.php?rest_route=\/wp\/v2\/types\/post"}],"author":[{"embeddable":true,"href":"https:\/\/encuentroinformativo.com.mx\/index.php?rest_route=\/wp\/v2\/users\/1"}],"replies":[{"embeddable":true,"href":"https:\/\/encuentroinformativo.com.mx\/index.php?rest_route=%2Fwp%2Fv2%2Fcomments&post=28535"}],"version-history":[{"count":1,"href":"https:\/\/encuentroinformativo.com.mx\/index.php?rest_route=\/wp\/v2\/posts\/28535\/revisions"}],"predecessor-version":[{"id":28537,"href":"https:\/\/encuentroinformativo.com.mx\/index.php?rest_route=\/wp\/v2\/posts\/28535\/revisions\/28537"}],"wp:featuredmedia":[{"embeddable":true,"href":"https:\/\/encuentroinformativo.com.mx\/index.php?rest_route=\/wp\/v2\/media\/28536"}],"wp:attachment":[{"href":"https:\/\/encuentroinformativo.com.mx\/index.php?rest_route=%2Fwp%2Fv2%2Fmedia&parent=28535"}],"wp:term":[{"taxonomy":"category","embeddable":true,"href":"https:\/\/encuentroinformativo.com.mx\/index.php?rest_route=%2Fwp%2Fv2%2Fcategories&post=28535"},{"taxonomy":"post_tag","embeddable":true,"href":"https:\/\/encuentroinformativo.com.mx\/index.php?rest_route=%2Fwp%2Fv2%2Ftags&post=28535"}],"curies":[{"name":"wp","href":"https:\/\/api.w.org\/{rel}","templated":true}]}}