{"id":28541,"date":"2022-06-17T22:28:38","date_gmt":"2022-06-18T03:28:38","guid":{"rendered":"https:\/\/encuentroinformativo.com.mx\/?p=28541"},"modified":"2022-06-17T22:38:13","modified_gmt":"2022-06-18T03:38:13","slug":"dejan-a-jose-manuel-del-rio-en-libertad","status":"publish","type":"post","link":"https:\/\/encuentroinformativo.com.mx\/?p=28541","title":{"rendered":"Dejan a Jos\u00e9 Manuel del R\u00edo en libertad"},"content":{"rendered":"\n<p><strong>Juan Arcos\/Dar\u00edo Pale <\/strong><\/p>\n\n\n\n<p>Coatepec, Ver.- Poco despu\u00e9s de las ocho de la noche fue liberado Jos\u00e9 Manuel del R\u00edo Virgen del penal de Pacho Viejo, municipio de Coatepec.<\/p>\n\n\n\n<p>El juez de control Francisco Reyes Contreras dict\u00f3 el auto de no vinculaci\u00f3n a proceso y determin\u00f3 su liberaci\u00f3n.<\/p>\n\n\n\n<p>La audiencia estaba programada para las 18:00 horas de este viernes 17 de junio en las salas de juicios orales del penal de Pacho Viejo, municipio de Coatepec, donde el pol\u00edtico veracruzano permaneci\u00f3 desde el pasado 22 de diciembre.<\/p>\n\n\n\n<p>Alrededor de las 19:40 horas culmin\u00f3 la audiencia y despu\u00e9s de las 20:00 horas sali\u00f3 del reclusorio.<\/p>\n\n\n\n<p>Patricia Santana Iglesias, una de sus abogados, indic\u00f3 que la audiencia fue r\u00e1pida, debido a que solo se dio cumplimiento a la ejecutoria de amparo.<\/p>\n\n\n\n<p>Se\u00f1al\u00f3 que el juez de control deb\u00eda cumplir una serie de requisitos, c\u00f3mo girar un oficio a la autoridad penitenciaria para que \u00e9sta tuviese conocimiento de que fue eliminada la medida cautelar.<\/p>\n\n\n\n<p>Del R\u00edo Virgen era se\u00f1alado de haber participado en el asesinato de Remigio Tocar, excandidato de Movimiento Ciudadano (MC) a la alcald\u00eda de Cazones de Herrera, quien fue atacado a balazos dos d\u00edas antes de las votaciones del 6 de junio de 2021.<\/p>\n\n\n\n<p>Al exterior del reclusorio se congregaron varias personas entre familiares, amigos y paisanos de Papantla y ante la presencia de decenas de medios de comunicaci\u00f3n, se dijo completamente seguro que se har\u00e1 justicia en el asesinato del candidato Remigio Tovar Tovar, crimen por el que se le acus\u00f3 de ser el autor material.<\/p>\n\n\n\n<p>Se\u00f1al\u00f3 que la responsabilidad de las autoridades de Veracruz es de buscar al responsable y no de detener a &#8220;chivos expiatorios&#8221;, el amigo y mano derecha del senador de Morena, Ricardo Monreal \u00c1vila, afirm\u00f3 que en Pacho Viejo el 50 por ciento de los mil 300 internos &#8220;son inocentes y deben de salir&#8221;.<\/p>\n\n\n\n<p><strong>MENSAJE DE JOS\u00c9 MANUEL&nbsp;<\/strong><\/p>\n\n\n\n<p>En su mensaje, Jos\u00e9 Manuel del R\u00edo Virgen indic\u00f3 que buscar\u00e1 la reparaci\u00f3n del da\u00f1o luego de haber estado preso durante seis meses.<\/p>\n\n\n\n<p>Tambi\u00e9n se dijo contento por encontrarse con su esposa, sus hijos y dem\u00e1s personas que le manifestaron su apoyo en este proceso.<\/p>\n\n\n\n<p>Indic\u00f3 que no es un pol\u00edtico de venganzas y que no proceder\u00e1 contra las autoridades que lo encarcelaron como un chivo expiatorio y sin pruebas para vincularlo al crimen de su compa\u00f1ero de partido Remigio Tovar.<\/p>\n\n\n\n<p>Tambi\u00e9n dijo que recibi\u00f3 un buen trato en el penal y que accedi\u00f3 a sus medicamentos en tiempo y forma.<\/p>\n\n\n\n<p>Del R\u00edo Virgen se incorporar\u00e1 a su cargo como secretario t\u00e9cnico de la Junta de Coordinaci\u00f3n Pol\u00edtica (Jucopo) el pr\u00f3ximo lunes.<\/p>\n\n\n\n<p>Confirm\u00f3 que el pr\u00f3ximo lunes regresar\u00e1 a trabajar al Senado a las 8:00 y saldr\u00e1, como siempre, a las 11 de noche, adem\u00e1s de que la Comisi\u00f3n Nacional de Derechos Humanos (CNDH), defini\u00f3 que se le debe reparar el da\u00f1o y tambi\u00e9n el organismo aut\u00f3nomo deber\u00e1 seguir dicho procedimiento.<\/p>\n\n\n\n<p>Agradeci\u00f3 el que se le haya permitido recibir todos sus medicamentos de manera puntual, as\u00ed como a las y los custodios, al director del Penal, por el trato recibido y los alimentos &nbsp;que nunca lo enfermaron.<\/p>\n\n\n\n<p>Cuestionado de que sale en libertad por tener amigos importantes, con influencias, respondi\u00f3 que no conoce a los magistrados federales que revisaron su situaci\u00f3n jur\u00eddica.<\/p>\n\n\n\n<p>&#8220;Ni los conozco, al contrario, yo y todos debemos obedecer la Ley y la Constituci\u00f3n, ahorita no quiero pensar en eso. Yo nunca he sido de venganzas ni de pleitos ni de nada, estos funcionarios saben que cuando me toc\u00f3 tratarlos, los trat\u00e9 con mucho respeto&#8221;, coment\u00f3.<br><\/p>\n\n\n\n<figure class=\"wp-block-image size-large\"><img loading=\"lazy\" decoding=\"async\" width=\"1024\" height=\"576\" src=\"https:\/\/encuentroinformativo.com.mx\/wp-content\/uploads\/2022\/06\/693A79F8-2626-493C-97CC-A54A06612C8D-1024x576.jpeg\" alt=\"\" class=\"wp-image-28543\" srcset=\"https:\/\/encuentroinformativo.com.mx\/wp-content\/uploads\/2022\/06\/693A79F8-2626-493C-97CC-A54A06612C8D-1024x576.jpeg 1024w, https:\/\/encuentroinformativo.com.mx\/wp-content\/uploads\/2022\/06\/693A79F8-2626-493C-97CC-A54A06612C8D-300x169.jpeg 300w, https:\/\/encuentroinformativo.com.mx\/wp-content\/uploads\/2022\/06\/693A79F8-2626-493C-97CC-A54A06612C8D-768x432.jpeg 768w, https:\/\/encuentroinformativo.com.mx\/wp-content\/uploads\/2022\/06\/693A79F8-2626-493C-97CC-A54A06612C8D.jpeg 1280w\" sizes=\"auto, (max-width: 1024px) 100vw, 1024px\" \/><\/figure>\n\n\n\n<figure class=\"wp-block-image size-large\"><img loading=\"lazy\" decoding=\"async\" width=\"1024\" height=\"576\" src=\"https:\/\/encuentroinformativo.com.mx\/wp-content\/uploads\/2022\/06\/5BDD2B4A-BC90-4B29-922C-9C9FC6FF6B44-1024x576.jpeg\" alt=\"\" class=\"wp-image-28544\" srcset=\"https:\/\/encuentroinformativo.com.mx\/wp-content\/uploads\/2022\/06\/5BDD2B4A-BC90-4B29-922C-9C9FC6FF6B44-1024x576.jpeg 1024w, https:\/\/encuentroinformativo.com.mx\/wp-content\/uploads\/2022\/06\/5BDD2B4A-BC90-4B29-922C-9C9FC6FF6B44-300x169.jpeg 300w, https:\/\/encuentroinformativo.com.mx\/wp-content\/uploads\/2022\/06\/5BDD2B4A-BC90-4B29-922C-9C9FC6FF6B44-768x432.jpeg 768w, https:\/\/encuentroinformativo.com.mx\/wp-content\/uploads\/2022\/06\/5BDD2B4A-BC90-4B29-922C-9C9FC6FF6B44-1536x864.jpeg 1536w, https:\/\/encuentroinformativo.com.mx\/wp-content\/uploads\/2022\/06\/5BDD2B4A-BC90-4B29-922C-9C9FC6FF6B44.jpeg 1599w\" sizes=\"auto, (max-width: 1024px) 100vw, 1024px\" \/><\/figure>\n","protected":false},"excerpt":{"rendered":"<p>Juan Arcos\/Dar\u00edo Pale Coatepec, Ver.- Poco despu\u00e9s de las ocho de la noche fue liberado Jos\u00e9 Manuel del R\u00edo Virgen del penal de Pacho Viejo, municipio de Coatepec. El juez de control Francisco Reyes Contreras dict\u00f3 el auto de no vinculaci\u00f3n a proceso y determin\u00f3 su liberaci\u00f3n. La audiencia estaba programada para las 18:00 horas [&hellip;]<\/p>\n","protected":false},"author":1,"featured_media":28542,"comment_status":"open","ping_status":"open","sticky":false,"template":"","format":"standard","meta":{"_jetpack_memberships_contains_paid_content":false,"footnotes":""},"categories":[2],"tags":[],"class_list":["post-28541","post","type-post","status-publish","format-standard","has-post-thumbnail","hentry","category-estado"],"jetpack_featured_media_url":"https:\/\/encuentroinformativo.com.mx\/wp-content\/uploads\/2022\/06\/DC958E56-BFEA-46AC-A822-7AEF0FA58AE7.jpeg","jetpack_sharing_enabled":true,"jetpack_likes_enabled":true,"amp_enabled":true,"_links":{"self":[{"href":"https:\/\/encuentroinformativo.com.mx\/index.php?rest_route=\/wp\/v2\/posts\/28541","targetHints":{"allow":["GET"]}}],"collection":[{"href":"https:\/\/encuentroinformativo.com.mx\/index.php?rest_route=\/wp\/v2\/posts"}],"about":[{"href":"https:\/\/encuentroinformativo.com.mx\/index.php?rest_route=\/wp\/v2\/types\/post"}],"author":[{"embeddable":true,"href":"https:\/\/encuentroinformativo.com.mx\/index.php?rest_route=\/wp\/v2\/users\/1"}],"replies":[{"embeddable":true,"href":"https:\/\/encuentroinformativo.com.mx\/index.php?rest_route=%2Fwp%2Fv2%2Fcomments&post=28541"}],"version-history":[{"count":2,"href":"https:\/\/encuentroinformativo.com.mx\/index.php?rest_route=\/wp\/v2\/posts\/28541\/revisions"}],"predecessor-version":[{"id":28546,"href":"https:\/\/encuentroinformativo.com.mx\/index.php?rest_route=\/wp\/v2\/posts\/28541\/revisions\/28546"}],"wp:featuredmedia":[{"embeddable":true,"href":"https:\/\/encuentroinformativo.com.mx\/index.php?rest_route=\/wp\/v2\/media\/28542"}],"wp:attachment":[{"href":"https:\/\/encuentroinformativo.com.mx\/index.php?rest_route=%2Fwp%2Fv2%2Fmedia&parent=28541"}],"wp:term":[{"taxonomy":"category","embeddable":true,"href":"https:\/\/encuentroinformativo.com.mx\/index.php?rest_route=%2Fwp%2Fv2%2Fcategories&post=28541"},{"taxonomy":"post_tag","embeddable":true,"href":"https:\/\/encuentroinformativo.com.mx\/index.php?rest_route=%2Fwp%2Fv2%2Ftags&post=28541"}],"curies":[{"name":"wp","href":"https:\/\/api.w.org\/{rel}","templated":true}]}}