{"id":28547,"date":"2022-06-18T13:41:49","date_gmt":"2022-06-18T18:41:49","guid":{"rendered":"https:\/\/encuentroinformativo.com.mx\/?p=28547"},"modified":"2022-06-18T13:43:05","modified_gmt":"2022-06-18T18:43:05","slug":"desestima-sectetario-de-educacion-rebrote-de-covid-en-escuelas","status":"publish","type":"post","link":"https:\/\/encuentroinformativo.com.mx\/?p=28547","title":{"rendered":"Desestima Secretario de educaci\u00f3n rebrote de Covid en escuelas"},"content":{"rendered":"\n<p><strong>Dar\u00edo Pale<\/strong><\/p>\n\n\n\n<p>Xalapa, Ver.- La decisi\u00f3n de los directivos de algunas escuelas de nivel bachillerato en Xalapa que regresaron a la modalidad virtual, ante el incremento de casos de Covid-19, no est\u00e1 siendo respaldada por el Secretario de Educaci\u00f3n de Veracruz, Zenyazen Roberto Escobar Garc\u00eda.<\/p>\n\n\n\n<p>En entrevista asegur\u00f3 que ese sector de la poblaci\u00f3n, al igual que los maestros ya est\u00e1n vacunados, lo que reduce el riesgo de contagio de Covid-19.<\/p>\n\n\n\n<p>El funcionario insisti\u00f3 que no conoc\u00eda de casos de escuelas que hab\u00edan regresado a los grupos a tomar clases v\u00eda computadora, ya que no hab\u00eda reportes en las delegaciones escolares.<\/p>\n\n\n\n<p>En las \u00faltimas dos semanas se inform\u00f3 que algunas preparatorias retomaron clases virtuales, tal es el caso de la Ju\u00e1rez y la Constituci\u00f3n de 1917, esto debido al aumento en el n\u00famero de casos de personas positivas al coronavirus.<\/p>\n\n\n\n<p>Cuando se le dieron a conocer los datos de bachilleratos en Xalapa record\u00f3 que ellos ya fueron vacunados y compar\u00f3 que otros grupos, como ni\u00f1os de primaria, aun no cuenta con el biol\u00f3gico que reduce el riesgo de contagio y acuden a diario.<\/p>\n\n\n\n<p>Se\u00f1al\u00f3 que, &#8220;ahorita me dijeron de 3 y hasta ahorita son las que tenemos. Ayer estuvimos en la regi\u00f3n Olmeca donde llegaron 10 mil j\u00f3venes, pero es \u00fanicamente Xalapa, y est\u00e1s tres instituciones\u201d.<\/p>\n\n\n\n<p>Finalmente dio a conocer que, &#8220;ya pronto se dar\u00e1 la vacunaci\u00f3n de los menores, esto nos dar\u00e1 mayor certeza a nosotros y a los padres y madres de familia de mandar a nuestros hijos (a la escuela)&#8221;.<\/p>\n","protected":false},"excerpt":{"rendered":"<p>Dar\u00edo Pale Xalapa, Ver.- La decisi\u00f3n de los directivos de algunas escuelas de nivel bachillerato en Xalapa que regresaron a la modalidad virtual, ante el incremento de casos de Covid-19, no est\u00e1 siendo respaldada por el Secretario de Educaci\u00f3n de Veracruz, Zenyazen Roberto Escobar Garc\u00eda. En entrevista asegur\u00f3 que ese sector de la poblaci\u00f3n, al [&hellip;]<\/p>\n","protected":false},"author":1,"featured_media":28548,"comment_status":"open","ping_status":"open","sticky":false,"template":"","format":"standard","meta":{"_jetpack_memberships_contains_paid_content":false,"footnotes":""},"categories":[2],"tags":[],"class_list":["post-28547","post","type-post","status-publish","format-standard","has-post-thumbnail","hentry","category-estado"],"jetpack_featured_media_url":"https:\/\/encuentroinformativo.com.mx\/wp-content\/uploads\/2022\/06\/0D5C57A9-FA70-4688-8D79-5580B7749E25.jpeg","jetpack_sharing_enabled":true,"jetpack_likes_enabled":true,"amp_enabled":true,"_links":{"self":[{"href":"https:\/\/encuentroinformativo.com.mx\/index.php?rest_route=\/wp\/v2\/posts\/28547","targetHints":{"allow":["GET"]}}],"collection":[{"href":"https:\/\/encuentroinformativo.com.mx\/index.php?rest_route=\/wp\/v2\/posts"}],"about":[{"href":"https:\/\/encuentroinformativo.com.mx\/index.php?rest_route=\/wp\/v2\/types\/post"}],"author":[{"embeddable":true,"href":"https:\/\/encuentroinformativo.com.mx\/index.php?rest_route=\/wp\/v2\/users\/1"}],"replies":[{"embeddable":true,"href":"https:\/\/encuentroinformativo.com.mx\/index.php?rest_route=%2Fwp%2Fv2%2Fcomments&post=28547"}],"version-history":[{"count":2,"href":"https:\/\/encuentroinformativo.com.mx\/index.php?rest_route=\/wp\/v2\/posts\/28547\/revisions"}],"predecessor-version":[{"id":28550,"href":"https:\/\/encuentroinformativo.com.mx\/index.php?rest_route=\/wp\/v2\/posts\/28547\/revisions\/28550"}],"wp:featuredmedia":[{"embeddable":true,"href":"https:\/\/encuentroinformativo.com.mx\/index.php?rest_route=\/wp\/v2\/media\/28548"}],"wp:attachment":[{"href":"https:\/\/encuentroinformativo.com.mx\/index.php?rest_route=%2Fwp%2Fv2%2Fmedia&parent=28547"}],"wp:term":[{"taxonomy":"category","embeddable":true,"href":"https:\/\/encuentroinformativo.com.mx\/index.php?rest_route=%2Fwp%2Fv2%2Fcategories&post=28547"},{"taxonomy":"post_tag","embeddable":true,"href":"https:\/\/encuentroinformativo.com.mx\/index.php?rest_route=%2Fwp%2Fv2%2Ftags&post=28547"}],"curies":[{"name":"wp","href":"https:\/\/api.w.org\/{rel}","templated":true}]}}