{"id":28551,"date":"2022-06-18T14:56:46","date_gmt":"2022-06-18T19:56:46","guid":{"rendered":"https:\/\/encuentroinformativo.com.mx\/?p=28551"},"modified":"2022-06-18T14:56:50","modified_gmt":"2022-06-18T19:56:50","slug":"muere-motociclista-en-bulevar-miguel-aleman-de-boca-del-rio","status":"publish","type":"post","link":"https:\/\/encuentroinformativo.com.mx\/?p=28551","title":{"rendered":"Muere motociclista en bulevar &#8220;Miguel Alem\u00e1n&#8221; de Boca del R\u00edo"},"content":{"rendered":"\n<p><strong>Alejandro \u00c1vila<\/strong><\/p>\n\n\n\n<p><strong>Fotos: <\/strong>Sergio Aldazaba\/Cortes\u00eda<\/p>\n\n\n\n<p>Boca del R\u00edo, Ver.- Otro tr\u00e1gico accidente se suscit\u00f3 la ma\u00f1ana de este s\u00e1bado en el bulevar &#8220;Miguel Alem\u00e1n&#8221; del municipio de Boca del R\u00edo, cuando un autom\u00f3vil particular impact\u00f3 por la parte trasera a un motociclista, qui\u00e9n sali\u00f3 disparado de su veh\u00edculo y por las lesiones perdi\u00f3 la vida.<\/p>\n\n\n\n<p>Los hechos ocurrieron sobre el bulevar &#8220;Miguel Alem\u00e1n&#8221; esquina con la calle Nicaragua frente al restaurante Tilingo Lingo, en la colonia Playa Hermosa del mencionado municipio.<\/p>\n\n\n\n<p>El Ahora occiso fue identificado como Julio C\u00e9sar Hern\u00e1ndez Hern\u00e1ndez de 22 a\u00f1os de edad, qui\u00e9n presuntamente se dirig\u00eda hacia su trabajo a bordo de una moto Italika tipo FT150 color negra.<\/p>\n\n\n\n<p>El piloto de la motocicleta se hab\u00eda detenido en el sem\u00e1foro, y momentos m\u00e1s tarde, un auto de la marca Nissan tipo March color rojo lo impacto por la parte trasera, proyectando lo varios metros hacia delante; el conductor del autom\u00f3vil particular se dio a la fuga.<\/p>\n\n\n\n<p>Los testigos del incidente fueron qui\u00e9nes informaron de lo sucedido a trav\u00e9s del n\u00famero de emergencias 911, por lo que elementos de la Polic\u00eda Estatal y ambulancia de la Cruz Roja acudieron al sitio.<\/p>\n\n\n\n<p>Personal de tr\u00e1nsito y la polic\u00eda municipal aseguraron el per\u00edmetro y cerraron la vialidad en su totalidad en el carril que va con direcci\u00f3n de norte a sur, adem\u00e1s de solicitar el apoyo de la Fiscal\u00eda Regional.<\/p>\n\n\n\n<p>Extraoficialmente trascendi\u00f3 que el conductor habr\u00eda sido detenido cerca de una gasolinera calles arriba, por lo que el responsable del accidente ser\u00eda presentado ante las autoridades correspondientes; personal de Servicios Periciales y la Polic\u00eda Ministerial se encargaron de levantar el cuerpo del finado.<\/p>\n\n\n\n<figure class=\"wp-block-image size-large\"><img loading=\"lazy\" decoding=\"async\" width=\"1024\" height=\"694\" src=\"https:\/\/encuentroinformativo.com.mx\/wp-content\/uploads\/2022\/06\/55B1A2DA-57FF-4EA5-88EC-896C1A8EBA17-1024x694.jpeg\" alt=\"\" class=\"wp-image-28553\" srcset=\"https:\/\/encuentroinformativo.com.mx\/wp-content\/uploads\/2022\/06\/55B1A2DA-57FF-4EA5-88EC-896C1A8EBA17-1024x694.jpeg 1024w, https:\/\/encuentroinformativo.com.mx\/wp-content\/uploads\/2022\/06\/55B1A2DA-57FF-4EA5-88EC-896C1A8EBA17-300x203.jpeg 300w, https:\/\/encuentroinformativo.com.mx\/wp-content\/uploads\/2022\/06\/55B1A2DA-57FF-4EA5-88EC-896C1A8EBA17-768x521.jpeg 768w, https:\/\/encuentroinformativo.com.mx\/wp-content\/uploads\/2022\/06\/55B1A2DA-57FF-4EA5-88EC-896C1A8EBA17.jpeg 1280w\" sizes=\"auto, (max-width: 1024px) 100vw, 1024px\" \/><\/figure>\n","protected":false},"excerpt":{"rendered":"<p>Alejandro \u00c1vila Fotos: Sergio Aldazaba\/Cortes\u00eda Boca del R\u00edo, Ver.- Otro tr\u00e1gico accidente se suscit\u00f3 la ma\u00f1ana de este s\u00e1bado en el bulevar &#8220;Miguel Alem\u00e1n&#8221; del municipio de Boca del R\u00edo, cuando un autom\u00f3vil particular impact\u00f3 por la parte trasera a un motociclista, qui\u00e9n sali\u00f3 disparado de su veh\u00edculo y por las lesiones perdi\u00f3 la vida. [&hellip;]<\/p>\n","protected":false},"author":1,"featured_media":28552,"comment_status":"open","ping_status":"open","sticky":false,"template":"","format":"standard","meta":{"_jetpack_memberships_contains_paid_content":false,"footnotes":""},"categories":[14],"tags":[],"class_list":["post-28551","post","type-post","status-publish","format-standard","has-post-thumbnail","hentry","category-policiaca"],"jetpack_featured_media_url":"https:\/\/encuentroinformativo.com.mx\/wp-content\/uploads\/2022\/06\/4FE4D30A-6AE4-422D-8F59-987BC60CBD5F.jpeg","jetpack_sharing_enabled":true,"jetpack_likes_enabled":true,"amp_enabled":true,"_links":{"self":[{"href":"https:\/\/encuentroinformativo.com.mx\/index.php?rest_route=\/wp\/v2\/posts\/28551","targetHints":{"allow":["GET"]}}],"collection":[{"href":"https:\/\/encuentroinformativo.com.mx\/index.php?rest_route=\/wp\/v2\/posts"}],"about":[{"href":"https:\/\/encuentroinformativo.com.mx\/index.php?rest_route=\/wp\/v2\/types\/post"}],"author":[{"embeddable":true,"href":"https:\/\/encuentroinformativo.com.mx\/index.php?rest_route=\/wp\/v2\/users\/1"}],"replies":[{"embeddable":true,"href":"https:\/\/encuentroinformativo.com.mx\/index.php?rest_route=%2Fwp%2Fv2%2Fcomments&post=28551"}],"version-history":[{"count":1,"href":"https:\/\/encuentroinformativo.com.mx\/index.php?rest_route=\/wp\/v2\/posts\/28551\/revisions"}],"predecessor-version":[{"id":28554,"href":"https:\/\/encuentroinformativo.com.mx\/index.php?rest_route=\/wp\/v2\/posts\/28551\/revisions\/28554"}],"wp:featuredmedia":[{"embeddable":true,"href":"https:\/\/encuentroinformativo.com.mx\/index.php?rest_route=\/wp\/v2\/media\/28552"}],"wp:attachment":[{"href":"https:\/\/encuentroinformativo.com.mx\/index.php?rest_route=%2Fwp%2Fv2%2Fmedia&parent=28551"}],"wp:term":[{"taxonomy":"category","embeddable":true,"href":"https:\/\/encuentroinformativo.com.mx\/index.php?rest_route=%2Fwp%2Fv2%2Fcategories&post=28551"},{"taxonomy":"post_tag","embeddable":true,"href":"https:\/\/encuentroinformativo.com.mx\/index.php?rest_route=%2Fwp%2Fv2%2Ftags&post=28551"}],"curies":[{"name":"wp","href":"https:\/\/api.w.org\/{rel}","templated":true}]}}