{"id":28557,"date":"2022-06-18T16:33:38","date_gmt":"2022-06-18T21:33:38","guid":{"rendered":"https:\/\/encuentroinformativo.com.mx\/?p=28557"},"modified":"2022-06-18T16:33:42","modified_gmt":"2022-06-18T21:33:42","slug":"desconoce-poder-judicial-numero-de-personas-detenidas-por-ultrajes","status":"publish","type":"post","link":"https:\/\/encuentroinformativo.com.mx\/?p=28557","title":{"rendered":"Desconoce Poder Judicial n\u00famero de personas detenidas por ultrajes"},"content":{"rendered":"\n<p><strong>Dar\u00edo Pale <\/strong><\/p>\n\n\n\n<p>Xalapa, Ver.- Desconoce cu\u00e1ntas personas est\u00e1n detenidas por el delito de ultrajes a la autoridad ya que solo se\u00f1ala que son &#8220;pocas&#8221; las personas que fueron detenidas por dicho delito coment\u00f3 la presidenta del Tribunal Superior de Justicia del Estado (TSJE), In\u00e9s Romero Cruz.<\/p>\n\n\n\n<p>En entrevista coment\u00f3 pero sin precisar el n\u00famero de personas que han sido liberadas o las que siguen en la c\u00e1rcel, tras ser vinculadas a proceso por el delito de ultrajes, insisti\u00f3 que ella pidi\u00f3 a los jueces iniciar de oficio la liberaci\u00f3n.<\/p>\n\n\n\n<p>Hay que mencionar que para que una persona pueda salir de la c\u00e1rcel se debe citar a una audiencia de no vinculaci\u00f3n, con la idea de que puedan recuperar su salida.<\/p>\n\n\n\n<p>Al cuestionarla sobre las personas detenidas por el delito de ultrajes a la autoridad coment\u00f3 que, &#8220;la mayor\u00eda ya han salido, son pocos los que est\u00e1n, la mayor\u00eda est\u00e1n saliendo porqu\u00e9, porque a los jueces les instru\u00ed que promovieran, que lo hicieran de oficio para que estas personas salieran&#8221;.<\/p>\n\n\n\n<p>Al reiterarle la pregunta solo se limit\u00f3 a decir &#8220;son pocos los que quedan, precisamente estamos viendo y checando esa situaci\u00f3n, pero ya son pocos, no recuerdo cu\u00e1ntos son, pero la mayor\u00eda ya salieron&#8221;.<\/p>\n\n\n\n<p>Datos obtenidos a trav\u00e9s de una solicitud de transparencia detallan que 482 personas se presentaron ante un juez por el delito de ultrajes a la autoridad del 11 de marzo del 2021 al 28 de febrero del 2022, cuando se declar\u00f3 inconstitucional el tipo penal.<\/p>\n\n\n\n<p>De ese universo; a 49 se le impusieron como medidas de apremio la presentaci\u00f3n peri\u00f3dica ante un juez; a 26 se les impuso una garant\u00eda econ\u00f3mica para poder recobrar su libertad luego de ser presentados ante la autoridad judicial.<\/p>\n\n\n\n<p>A uno m\u00e1s le embargaron bienes; a cinco se les prohibi\u00f3 salir del pa\u00eds o de la localidad de residencia; a tres les impusieron medidas restrictivas de participar en ciertas reuniones o acudir a lugares.<\/p>\n\n\n\n<p>A dos les prohibieron convivir, acercarse, o comunicarse con determinadas personas, v\u00edctimas y ofendidos; y las otras 392 personas fueron encarceladas.<\/p>\n\n\n\n<p>En respuesta a la pregunta de cu\u00e1ntas personas hab\u00edan solicitado audiencias para el sobreseimiento del delito, despu\u00e9s de que se declar\u00f3 inv\u00e1lida, se inform\u00f3 que 172; de esas se celebraron 163.<br>Se detalla que 211 personas recuperaron su libertad por decisi\u00f3n de un juez local, luego de que se sobresell\u00f3 o cerr\u00f3 la carpeta de investigaci\u00f3n en su contra.<\/p>\n\n\n\n<p>Tambi\u00e9n se inform\u00f3 que 35 personas recuperaron la libertad por decisi\u00f3n de un juez federal que orden\u00f3 la excarcelaci\u00f3n.<br>Finalmente fue el distrito judicial de Xalapa, con el reporte de solo cuatro de seis jueces, que se contabiliza el mayor n\u00famero de personas vinculadas a proceso, 78; le siguen Coatzacoalcos y C\u00f3rdoba con 65; Minatitl\u00e1n 42, Veracruz 41 y Poza Rica 40.<\/p>\n\n\n\n<p>Es decir, en esos juzgados se concentra 266 decisiones de jueces que impusieron medidas de privaci\u00f3n de la libertad.<\/p>\n","protected":false},"excerpt":{"rendered":"<p>Dar\u00edo Pale Xalapa, Ver.- Desconoce cu\u00e1ntas personas est\u00e1n detenidas por el delito de ultrajes a la autoridad ya que solo se\u00f1ala que son &#8220;pocas&#8221; las personas que fueron detenidas por dicho delito coment\u00f3 la presidenta del Tribunal Superior de Justicia del Estado (TSJE), In\u00e9s Romero Cruz. En entrevista coment\u00f3 pero sin precisar el n\u00famero de [&hellip;]<\/p>\n","protected":false},"author":1,"featured_media":28558,"comment_status":"open","ping_status":"open","sticky":false,"template":"","format":"standard","meta":{"_jetpack_memberships_contains_paid_content":false,"footnotes":""},"categories":[2],"tags":[],"class_list":["post-28557","post","type-post","status-publish","format-standard","has-post-thumbnail","hentry","category-estado"],"jetpack_featured_media_url":"https:\/\/encuentroinformativo.com.mx\/wp-content\/uploads\/2022\/06\/6C88AE4F-414E-4452-A695-CB3D979FA15B.jpeg","jetpack_sharing_enabled":true,"jetpack_likes_enabled":true,"amp_enabled":true,"_links":{"self":[{"href":"https:\/\/encuentroinformativo.com.mx\/index.php?rest_route=\/wp\/v2\/posts\/28557","targetHints":{"allow":["GET"]}}],"collection":[{"href":"https:\/\/encuentroinformativo.com.mx\/index.php?rest_route=\/wp\/v2\/posts"}],"about":[{"href":"https:\/\/encuentroinformativo.com.mx\/index.php?rest_route=\/wp\/v2\/types\/post"}],"author":[{"embeddable":true,"href":"https:\/\/encuentroinformativo.com.mx\/index.php?rest_route=\/wp\/v2\/users\/1"}],"replies":[{"embeddable":true,"href":"https:\/\/encuentroinformativo.com.mx\/index.php?rest_route=%2Fwp%2Fv2%2Fcomments&post=28557"}],"version-history":[{"count":1,"href":"https:\/\/encuentroinformativo.com.mx\/index.php?rest_route=\/wp\/v2\/posts\/28557\/revisions"}],"predecessor-version":[{"id":28559,"href":"https:\/\/encuentroinformativo.com.mx\/index.php?rest_route=\/wp\/v2\/posts\/28557\/revisions\/28559"}],"wp:featuredmedia":[{"embeddable":true,"href":"https:\/\/encuentroinformativo.com.mx\/index.php?rest_route=\/wp\/v2\/media\/28558"}],"wp:attachment":[{"href":"https:\/\/encuentroinformativo.com.mx\/index.php?rest_route=%2Fwp%2Fv2%2Fmedia&parent=28557"}],"wp:term":[{"taxonomy":"category","embeddable":true,"href":"https:\/\/encuentroinformativo.com.mx\/index.php?rest_route=%2Fwp%2Fv2%2Fcategories&post=28557"},{"taxonomy":"post_tag","embeddable":true,"href":"https:\/\/encuentroinformativo.com.mx\/index.php?rest_route=%2Fwp%2Fv2%2Ftags&post=28557"}],"curies":[{"name":"wp","href":"https:\/\/api.w.org\/{rel}","templated":true}]}}