{"id":28570,"date":"2022-06-19T12:36:42","date_gmt":"2022-06-19T17:36:42","guid":{"rendered":"https:\/\/encuentroinformativo.com.mx\/?p=28570"},"modified":"2022-06-19T12:36:46","modified_gmt":"2022-06-19T17:36:46","slug":"47-de-hombres-son-padres-de-familia-segun-inegi","status":"publish","type":"post","link":"https:\/\/encuentroinformativo.com.mx\/?p=28570","title":{"rendered":"47% de hombres son padres de familia, seg\u00fan INEGI"},"content":{"rendered":"\n<p><strong>Juan Arcos<\/strong><\/p>\n\n\n\n<p>Xalapa, Ver.- El 47 por ciento de la poblaci\u00f3n total de hombres en M\u00e9xico es padre de familia, revelan cifras del Instituto Nacional de Estad\u00edstica y Geograf\u00eda (INEGI).<\/p>\n\n\n\n<p>De acuerdo con el Censo de Poblaci\u00f3n y Vivienda 2020, en M\u00e9xico hab\u00eda 44.9 millones de hombres de 15 a\u00f1os y m\u00e1s. De ellos, 21.2 millones (47 por ciento) se identificaron como padres y la edad promedio fue de 45 a\u00f1os.<\/p>\n\n\n\n<p>El 26 por ciento de esta poblaci\u00f3n tiene entre 40 a 49 a\u00f1os, 25 por ciento tiene entre 30 y 39 a\u00f1os, 35 por ciento report\u00f3 contar con m\u00e1s de 50 a\u00f1os, 13 por ciento est\u00e1 en el grupo de 20 a 29 a\u00f1os y el uno por ciento de los padres identificados tiene entre 15 y 19 a\u00f1os.<\/p>\n\n\n\n<p>Adem\u00e1s, 71 de cada 100 padres de familia son trabajadores asalariados. El 22 porciento dijo ser trabajador por cuenta propia, cuatro por ciento desempe\u00f1aba alguna actividad econ\u00f3mica como patr\u00f3n o empleador y tres por ciento report\u00f3 trabajar sin recibir un sueldo.<\/p>\n\n\n\n<p>El INEGI detalla que el nivel de escolaridad que alcanzan los padres no solo puede mejorar el nivel socioecon\u00f3mico familiar pues tambi\u00e9n influye de manera positiva en el rendimiento escolar de las y los hijos.<\/p>\n\n\n\n<p>Por nivel de escolaridad, el 56 por ciento de los padres de familia identificados en la vivienda solo contaba con estudios de educaci\u00f3n b\u00e1sica, 21 por ciento ten\u00eda estudios de nivel medio superior, 19 por ciento estudios de nivel superior y cuatro por ciento indic\u00f3 no tener escolaridad alguna.<\/p>\n\n\n\n<p>Cabe destacar que 18.4 millones (87 por ciento) de hombres identificados como padres formaron parte de la Poblaci\u00f3n Econ\u00f3micamente Activa (PEA): 97 por ciento se ocupaba en alguna actividad econ\u00f3mica, mientras que el resto (3 por ciento) se report\u00f3 como desocupado.<br>Respecto a los 2.7 millones de personas que se consideran como Poblaci\u00f3n No Econ\u00f3micamente Activa (PNEA) y que se identificaron como padres (13 por ciento), el 42 por ciento es jubilado o pensionado, 37 por ciento no trabaja, 12 por ciento est\u00e1 incapacitado permanentemente para trabajar, siete por ciento se dedica a los quehaceres del hogar y el uno por ciento es estudiante.<\/p>\n","protected":false},"excerpt":{"rendered":"<p>Juan Arcos Xalapa, Ver.- El 47 por ciento de la poblaci\u00f3n total de hombres en M\u00e9xico es padre de familia, revelan cifras del Instituto Nacional de Estad\u00edstica y Geograf\u00eda (INEGI). De acuerdo con el Censo de Poblaci\u00f3n y Vivienda 2020, en M\u00e9xico hab\u00eda 44.9 millones de hombres de 15 a\u00f1os y m\u00e1s. De ellos, 21.2 [&hellip;]<\/p>\n","protected":false},"author":1,"featured_media":28571,"comment_status":"open","ping_status":"open","sticky":false,"template":"","format":"standard","meta":{"_jetpack_memberships_contains_paid_content":false,"footnotes":""},"categories":[2],"tags":[],"class_list":["post-28570","post","type-post","status-publish","format-standard","has-post-thumbnail","hentry","category-estado"],"jetpack_featured_media_url":"https:\/\/encuentroinformativo.com.mx\/wp-content\/uploads\/2022\/06\/AA099420-ABD3-4598-BB5E-25D2365CA34C.jpeg","jetpack_sharing_enabled":true,"jetpack_likes_enabled":true,"amp_enabled":true,"_links":{"self":[{"href":"https:\/\/encuentroinformativo.com.mx\/index.php?rest_route=\/wp\/v2\/posts\/28570","targetHints":{"allow":["GET"]}}],"collection":[{"href":"https:\/\/encuentroinformativo.com.mx\/index.php?rest_route=\/wp\/v2\/posts"}],"about":[{"href":"https:\/\/encuentroinformativo.com.mx\/index.php?rest_route=\/wp\/v2\/types\/post"}],"author":[{"embeddable":true,"href":"https:\/\/encuentroinformativo.com.mx\/index.php?rest_route=\/wp\/v2\/users\/1"}],"replies":[{"embeddable":true,"href":"https:\/\/encuentroinformativo.com.mx\/index.php?rest_route=%2Fwp%2Fv2%2Fcomments&post=28570"}],"version-history":[{"count":1,"href":"https:\/\/encuentroinformativo.com.mx\/index.php?rest_route=\/wp\/v2\/posts\/28570\/revisions"}],"predecessor-version":[{"id":28572,"href":"https:\/\/encuentroinformativo.com.mx\/index.php?rest_route=\/wp\/v2\/posts\/28570\/revisions\/28572"}],"wp:featuredmedia":[{"embeddable":true,"href":"https:\/\/encuentroinformativo.com.mx\/index.php?rest_route=\/wp\/v2\/media\/28571"}],"wp:attachment":[{"href":"https:\/\/encuentroinformativo.com.mx\/index.php?rest_route=%2Fwp%2Fv2%2Fmedia&parent=28570"}],"wp:term":[{"taxonomy":"category","embeddable":true,"href":"https:\/\/encuentroinformativo.com.mx\/index.php?rest_route=%2Fwp%2Fv2%2Fcategories&post=28570"},{"taxonomy":"post_tag","embeddable":true,"href":"https:\/\/encuentroinformativo.com.mx\/index.php?rest_route=%2Fwp%2Fv2%2Ftags&post=28570"}],"curies":[{"name":"wp","href":"https:\/\/api.w.org\/{rel}","templated":true}]}}