{"id":28573,"date":"2022-06-19T13:51:48","date_gmt":"2022-06-19T18:51:48","guid":{"rendered":"https:\/\/encuentroinformativo.com.mx\/?p=28573"},"modified":"2022-06-19T13:51:51","modified_gmt":"2022-06-19T18:51:51","slug":"reportan-casos-de-covid-en-escuelas-particulares","status":"publish","type":"post","link":"https:\/\/encuentroinformativo.com.mx\/?p=28573","title":{"rendered":"Reportan casos de COVID en escuelas particulares"},"content":{"rendered":"\n<p><strong>Juan Arcos <\/strong><\/p>\n\n\n\n<p>Xalapa, Ver.- Madres y padres de familia reportaron contagios entre los estudiantes de escuelas particulares que se encuentran en los municipios de Xalapa y Emiliano Zapata.<\/p>\n\n\n\n<p>Los pap\u00e1s comentaron de manera an\u00f3nima que en algunos salones se han suspendido las clases presenciales y tambi\u00e9n los festejos por el D\u00eda del Padre, debido al rebrote de coronavirus.<\/p>\n\n\n\n<p>Tal es el caso del Colegio Americano, ubicado en la localidad El Lencero , municipio de Emiliano Zapata, una zona conurbada con Xalapa.<\/p>\n\n\n\n<p>En este lugar, van tres grupos de distintos grados donde los alumnos han dejado de asistir debido al elevado n\u00famero de contagios.<\/p>\n\n\n\n<p>Dicha situaci\u00f3n ocurri\u00f3 a pesar de que en los planteles educativos se han aplicado los protocolos sanitarios, desde que se reanudaron las actividades presenciales.<\/p>\n\n\n\n<p>Tambi\u00e9n han resultado contagiados algunos profesores, quienes han tenido que ausentarse para su recuperaci\u00f3n y evitar la propagaci\u00f3n de la enfermedad.<\/p>\n\n\n\n<p>Lo mismo ha sucedido en la Universidad de Am\u00e9rica Latina (UDAL), campus Xalapa, donde los propios estudiantes han solicitado que regresen las clases en l\u00ednea, pues se habla de varios contagios de coronavirus.<\/p>\n\n\n\n<p>Cabe recordar que en escuelas p\u00fablicas, como la primaria \u201cEnrique C. Rebsamen\u201d y el Colegio Preparatorio de Xalapa, tambi\u00e9n se han suspendido clases presenciales por el mismo motivo.<\/p>\n","protected":false},"excerpt":{"rendered":"<p>Juan Arcos Xalapa, Ver.- Madres y padres de familia reportaron contagios entre los estudiantes de escuelas particulares que se encuentran en los municipios de Xalapa y Emiliano Zapata. Los pap\u00e1s comentaron de manera an\u00f3nima que en algunos salones se han suspendido las clases presenciales y tambi\u00e9n los festejos por el D\u00eda del Padre, debido al [&hellip;]<\/p>\n","protected":false},"author":1,"featured_media":28574,"comment_status":"open","ping_status":"open","sticky":false,"template":"","format":"standard","meta":{"_jetpack_memberships_contains_paid_content":false,"footnotes":""},"categories":[9],"tags":[],"class_list":["post-28573","post","type-post","status-publish","format-standard","has-post-thumbnail","hentry","category-salud"],"jetpack_featured_media_url":"https:\/\/encuentroinformativo.com.mx\/wp-content\/uploads\/2022\/06\/E776D4AA-2983-4B01-BA7D-538591F041B0.jpeg","jetpack_sharing_enabled":true,"jetpack_likes_enabled":true,"amp_enabled":true,"_links":{"self":[{"href":"https:\/\/encuentroinformativo.com.mx\/index.php?rest_route=\/wp\/v2\/posts\/28573","targetHints":{"allow":["GET"]}}],"collection":[{"href":"https:\/\/encuentroinformativo.com.mx\/index.php?rest_route=\/wp\/v2\/posts"}],"about":[{"href":"https:\/\/encuentroinformativo.com.mx\/index.php?rest_route=\/wp\/v2\/types\/post"}],"author":[{"embeddable":true,"href":"https:\/\/encuentroinformativo.com.mx\/index.php?rest_route=\/wp\/v2\/users\/1"}],"replies":[{"embeddable":true,"href":"https:\/\/encuentroinformativo.com.mx\/index.php?rest_route=%2Fwp%2Fv2%2Fcomments&post=28573"}],"version-history":[{"count":1,"href":"https:\/\/encuentroinformativo.com.mx\/index.php?rest_route=\/wp\/v2\/posts\/28573\/revisions"}],"predecessor-version":[{"id":28575,"href":"https:\/\/encuentroinformativo.com.mx\/index.php?rest_route=\/wp\/v2\/posts\/28573\/revisions\/28575"}],"wp:featuredmedia":[{"embeddable":true,"href":"https:\/\/encuentroinformativo.com.mx\/index.php?rest_route=\/wp\/v2\/media\/28574"}],"wp:attachment":[{"href":"https:\/\/encuentroinformativo.com.mx\/index.php?rest_route=%2Fwp%2Fv2%2Fmedia&parent=28573"}],"wp:term":[{"taxonomy":"category","embeddable":true,"href":"https:\/\/encuentroinformativo.com.mx\/index.php?rest_route=%2Fwp%2Fv2%2Fcategories&post=28573"},{"taxonomy":"post_tag","embeddable":true,"href":"https:\/\/encuentroinformativo.com.mx\/index.php?rest_route=%2Fwp%2Fv2%2Ftags&post=28573"}],"curies":[{"name":"wp","href":"https:\/\/api.w.org\/{rel}","templated":true}]}}