{"id":28579,"date":"2022-06-20T10:58:48","date_gmt":"2022-06-20T15:58:48","guid":{"rendered":"https:\/\/encuentroinformativo.com.mx\/?p=28579"},"modified":"2022-06-20T10:58:50","modified_gmt":"2022-06-20T15:58:50","slug":"cuitlahuac-incapaz-de-fabricar-delitos-amlo","status":"publish","type":"post","link":"https:\/\/encuentroinformativo.com.mx\/?p=28579","title":{"rendered":"Cuitl\u00e1huac \u201cincapaz\u201d de fabricar delitos: AMLO"},"content":{"rendered":"\n<p><strong>Redacci\u00f3n<\/strong> <\/p>\n\n\n\n<p>Xalapa, Ver.- Ante la reciente liberaci\u00f3n de Jos\u00e9 Manuel del R\u00edo Virgen y el encarcelamiento que contin\u00faa de Pasiano \u201cN\u201d, el presidente Andres Manuel L\u00f3pez Obrador defendi\u00f3 al gobernador Cuitl\u00e1huac Garcia Jim\u00e9nez.<\/p>\n\n\n\n<p>Durante la conferencia ma\u00f1anera el ejecutivo federal, descart\u00f3 que el gobernador sea capaz de fabricar delitos.&nbsp;<\/p>\n\n\n\n<p>Ante el cuestionamiento de que se trata de presos pol\u00edticos afirm\u00f3: \u201cPrimero le tenemos confianza al gobernador de Veracruz, no es como los otros, \u00e9l es incapaz de fabricar delitos para castigar adversarios\u201d.<\/p>\n\n\n\n<p>Yo le plante\u00e9 este asunto (acaso Pasiano), dijo, que se investigar\u00e1 a fondo y que se aclarara. Es algo que tiene que ver con la detenci\u00f3n d Eu\u00e1n persona ac\u00e1 en la Ciudad de M\u00e9xico con delitos graves, pero no se puede hacer un juicio sumario se tienen que presentar las pruebas, eso fue lo que yo ofrec\u00ed a los familiares y simpatizantes de esa persona.&nbsp;<\/p>\n\n\n\n<p>Cabe recordar que durante su \u00faltima gira por territorio veracruzano, el ejecutivo federal fue interceptado por familiares y amigos de Pasiano N, quienes le solicitaron intervenir para su liberaci\u00f3n.&nbsp;<\/p>\n","protected":false},"excerpt":{"rendered":"<p>Redacci\u00f3n Xalapa, Ver.- Ante la reciente liberaci\u00f3n de Jos\u00e9 Manuel del R\u00edo Virgen y el encarcelamiento que contin\u00faa de Pasiano \u201cN\u201d, el presidente Andres Manuel L\u00f3pez Obrador defendi\u00f3 al gobernador Cuitl\u00e1huac Garcia Jim\u00e9nez. Durante la conferencia ma\u00f1anera el ejecutivo federal, descart\u00f3 que el gobernador sea capaz de fabricar delitos.&nbsp; Ante el cuestionamiento de que se [&hellip;]<\/p>\n","protected":false},"author":1,"featured_media":28580,"comment_status":"open","ping_status":"open","sticky":false,"template":"","format":"standard","meta":{"_jetpack_memberships_contains_paid_content":false,"footnotes":""},"categories":[2],"tags":[],"class_list":["post-28579","post","type-post","status-publish","format-standard","has-post-thumbnail","hentry","category-estado"],"jetpack_featured_media_url":"https:\/\/encuentroinformativo.com.mx\/wp-content\/uploads\/2022\/06\/F7401753-E3EA-4DE2-9C6F-F14BCA6A4667.jpeg","jetpack_sharing_enabled":true,"jetpack_likes_enabled":true,"amp_enabled":true,"_links":{"self":[{"href":"https:\/\/encuentroinformativo.com.mx\/index.php?rest_route=\/wp\/v2\/posts\/28579","targetHints":{"allow":["GET"]}}],"collection":[{"href":"https:\/\/encuentroinformativo.com.mx\/index.php?rest_route=\/wp\/v2\/posts"}],"about":[{"href":"https:\/\/encuentroinformativo.com.mx\/index.php?rest_route=\/wp\/v2\/types\/post"}],"author":[{"embeddable":true,"href":"https:\/\/encuentroinformativo.com.mx\/index.php?rest_route=\/wp\/v2\/users\/1"}],"replies":[{"embeddable":true,"href":"https:\/\/encuentroinformativo.com.mx\/index.php?rest_route=%2Fwp%2Fv2%2Fcomments&post=28579"}],"version-history":[{"count":1,"href":"https:\/\/encuentroinformativo.com.mx\/index.php?rest_route=\/wp\/v2\/posts\/28579\/revisions"}],"predecessor-version":[{"id":28581,"href":"https:\/\/encuentroinformativo.com.mx\/index.php?rest_route=\/wp\/v2\/posts\/28579\/revisions\/28581"}],"wp:featuredmedia":[{"embeddable":true,"href":"https:\/\/encuentroinformativo.com.mx\/index.php?rest_route=\/wp\/v2\/media\/28580"}],"wp:attachment":[{"href":"https:\/\/encuentroinformativo.com.mx\/index.php?rest_route=%2Fwp%2Fv2%2Fmedia&parent=28579"}],"wp:term":[{"taxonomy":"category","embeddable":true,"href":"https:\/\/encuentroinformativo.com.mx\/index.php?rest_route=%2Fwp%2Fv2%2Fcategories&post=28579"},{"taxonomy":"post_tag","embeddable":true,"href":"https:\/\/encuentroinformativo.com.mx\/index.php?rest_route=%2Fwp%2Fv2%2Ftags&post=28579"}],"curies":[{"name":"wp","href":"https:\/\/api.w.org\/{rel}","templated":true}]}}