{"id":28582,"date":"2022-06-20T11:18:38","date_gmt":"2022-06-20T16:18:38","guid":{"rendered":"https:\/\/encuentroinformativo.com.mx\/?p=28582"},"modified":"2022-06-20T11:18:41","modified_gmt":"2022-06-20T16:18:41","slug":"fallece-secretario-de-organizacion-de-mc-veracruz","status":"publish","type":"post","link":"https:\/\/encuentroinformativo.com.mx\/?p=28582","title":{"rendered":"Fallece secretario de Organizaci\u00f3n de MC Veracruz"},"content":{"rendered":"\n<p><strong>Alejandro \u00c1vila<\/strong><\/p>\n\n\n\n<p>Veracruz, Ver.- A trav\u00e9s de redes sociales se dio a conocer el fallecimiento de Feliciano Leal Ram\u00edrez secretario de organizaci\u00f3n del partido Movimiento Ciudadano en el estado de Veracruz.<\/p>\n\n\n\n<p>El el presidente estatal de MC, Sergio Gil Rull\u00e1n, lament\u00f3 en Twitter el deceso de quien dijo, fue compa\u00f1ero de muchas batallas y fundador del partido; Feliciano Leal Ram\u00edrez seg\u00fan se mencion\u00f3, falleci\u00f3 de manera repentina este domingo.<\/p>\n\n\n\n<p>Aunque fue m\u00e9dico de profesi\u00f3n, se desarroll\u00f3 durante muchos a\u00f1os en la Secretar\u00eda de Administraci\u00f3n y Finanzas de la Universidad Veracruzana; posteriormente colabor\u00f3 en el \u00e1rea de Prospectiva de la Secretar\u00eda de Gobernaci\u00f3n, en el sexenio del ex gobernador Patricio Chirinos Calero.<\/p>\n\n\n\n<p>Finalmente, fue nombrado hace algunos meses como, secretario de Organizaci\u00f3n en el partido Movimiento Ciudadano en el estado de Veracruz, instituci\u00f3n pol\u00edtica a la cual ha pertenecido desde hace muchos a\u00f1os.<\/p>\n\n\n\n<figure class=\"wp-block-image size-large\"><img loading=\"lazy\" decoding=\"async\" width=\"576\" height=\"1024\" src=\"https:\/\/encuentroinformativo.com.mx\/wp-content\/uploads\/2022\/06\/47DEAC9E-2EC6-4E1E-AF98-4F15E80B273D-576x1024.jpeg\" alt=\"\" class=\"wp-image-28584\" srcset=\"https:\/\/encuentroinformativo.com.mx\/wp-content\/uploads\/2022\/06\/47DEAC9E-2EC6-4E1E-AF98-4F15E80B273D-576x1024.jpeg 576w, https:\/\/encuentroinformativo.com.mx\/wp-content\/uploads\/2022\/06\/47DEAC9E-2EC6-4E1E-AF98-4F15E80B273D-169x300.jpeg 169w, https:\/\/encuentroinformativo.com.mx\/wp-content\/uploads\/2022\/06\/47DEAC9E-2EC6-4E1E-AF98-4F15E80B273D-768x1365.jpeg 768w, https:\/\/encuentroinformativo.com.mx\/wp-content\/uploads\/2022\/06\/47DEAC9E-2EC6-4E1E-AF98-4F15E80B273D-864x1536.jpeg 864w, https:\/\/encuentroinformativo.com.mx\/wp-content\/uploads\/2022\/06\/47DEAC9E-2EC6-4E1E-AF98-4F15E80B273D.jpeg 900w\" sizes=\"auto, (max-width: 576px) 100vw, 576px\" \/><\/figure>\n","protected":false},"excerpt":{"rendered":"<p>Alejandro \u00c1vila Veracruz, Ver.- A trav\u00e9s de redes sociales se dio a conocer el fallecimiento de Feliciano Leal Ram\u00edrez secretario de organizaci\u00f3n del partido Movimiento Ciudadano en el estado de Veracruz. El el presidente estatal de MC, Sergio Gil Rull\u00e1n, lament\u00f3 en Twitter el deceso de quien dijo, fue compa\u00f1ero de muchas batallas y fundador [&hellip;]<\/p>\n","protected":false},"author":1,"featured_media":28583,"comment_status":"open","ping_status":"open","sticky":false,"template":"","format":"standard","meta":{"_jetpack_memberships_contains_paid_content":false,"footnotes":""},"categories":[2],"tags":[],"class_list":["post-28582","post","type-post","status-publish","format-standard","has-post-thumbnail","hentry","category-estado"],"jetpack_featured_media_url":"https:\/\/encuentroinformativo.com.mx\/wp-content\/uploads\/2022\/06\/DA3BD3C2-26C0-4D7C-B377-9A6987F9C665.jpeg","jetpack_sharing_enabled":true,"jetpack_likes_enabled":true,"amp_enabled":true,"_links":{"self":[{"href":"https:\/\/encuentroinformativo.com.mx\/index.php?rest_route=\/wp\/v2\/posts\/28582","targetHints":{"allow":["GET"]}}],"collection":[{"href":"https:\/\/encuentroinformativo.com.mx\/index.php?rest_route=\/wp\/v2\/posts"}],"about":[{"href":"https:\/\/encuentroinformativo.com.mx\/index.php?rest_route=\/wp\/v2\/types\/post"}],"author":[{"embeddable":true,"href":"https:\/\/encuentroinformativo.com.mx\/index.php?rest_route=\/wp\/v2\/users\/1"}],"replies":[{"embeddable":true,"href":"https:\/\/encuentroinformativo.com.mx\/index.php?rest_route=%2Fwp%2Fv2%2Fcomments&post=28582"}],"version-history":[{"count":1,"href":"https:\/\/encuentroinformativo.com.mx\/index.php?rest_route=\/wp\/v2\/posts\/28582\/revisions"}],"predecessor-version":[{"id":28585,"href":"https:\/\/encuentroinformativo.com.mx\/index.php?rest_route=\/wp\/v2\/posts\/28582\/revisions\/28585"}],"wp:featuredmedia":[{"embeddable":true,"href":"https:\/\/encuentroinformativo.com.mx\/index.php?rest_route=\/wp\/v2\/media\/28583"}],"wp:attachment":[{"href":"https:\/\/encuentroinformativo.com.mx\/index.php?rest_route=%2Fwp%2Fv2%2Fmedia&parent=28582"}],"wp:term":[{"taxonomy":"category","embeddable":true,"href":"https:\/\/encuentroinformativo.com.mx\/index.php?rest_route=%2Fwp%2Fv2%2Fcategories&post=28582"},{"taxonomy":"post_tag","embeddable":true,"href":"https:\/\/encuentroinformativo.com.mx\/index.php?rest_route=%2Fwp%2Fv2%2Ftags&post=28582"}],"curies":[{"name":"wp","href":"https:\/\/api.w.org\/{rel}","templated":true}]}}