{"id":28592,"date":"2022-06-20T12:33:36","date_gmt":"2022-06-20T17:33:36","guid":{"rendered":"https:\/\/encuentroinformativo.com.mx\/?p=28592"},"modified":"2022-06-20T12:33:39","modified_gmt":"2022-06-20T17:33:39","slug":"temo-por-mi-vida-jose-manuel-del-rio","status":"publish","type":"post","link":"https:\/\/encuentroinformativo.com.mx\/?p=28592","title":{"rendered":"Temo por mi vida: Jos\u00e9 Manuel del R\u00edo"},"content":{"rendered":"\n<p><strong>Juan Arcos <\/strong><\/p>\n\n\n\n<p>Xalapa, Ver.- Jos\u00e9 Manuel del R\u00edo Virgen, tras su liberaci\u00f3n en el penal de Pacho Viejo, municipio de Coatepec, el pasado viernes 18 de junio, manifest\u00f3 que teme por su vida y por la de su familia.<\/p>\n\n\n\n<p>En un video que difundi\u00f3 en redes sociales, indic\u00f3 que si algo le pasa a \u00e9l, a su familia o a sus amigos los senadores Ricardo Monreal o Dante Delgado, los \u00fanicos responsables ser\u00e1n el gobernador Cuitl\u00e1huac Garc\u00eda Jim\u00e9nez; la titular de la Fiscal\u00eda General del Estado, Ver\u00f3nica Hern\u00e1ndez Giad\u00e1ns; y el secretario de Gobierno, Eric Cisneros Burgos.<\/p>\n\n\n\n<p>Se\u00f1al\u00f3 que el mandatario estatal ha demostrado ser su enemigo al ordenar su encarcelamiento por su presunta participaci\u00f3n en el asesinato de Remigio Tovar Tovar, candidato de Movimiento Ciudadano (MC) a la alcald\u00eda de Cazones de Herrera, quien fue atacado a balazos dos d\u00edas antes de las elecciones del 6 de junio de 2021.<\/p>\n\n\n\n<p>Del R\u00edo Virgen vive en el municipio de Papantla, al norte del estado de Veracruz, donde se siente perseguido y hostigado por parte de las autoridades estatales.<\/p>\n\n\n\n<p>\u201cHacen declaraciones en contra de mi familia y en contra m\u00eda. Soy v\u00edctima de \u00e9l (gobernador) y no lo digo yo, lo dice la CNDH, soy v\u00edctima de su gobierno y de la Fiscal\u00eda General del Estado de Veracruz\u201d, expres\u00f3.<\/p>\n\n\n\n<p>Por tal motivo, pidi\u00f3 al presidente de la Rep\u00fablica, Andr\u00e9s Manuel L\u00f3pez Obrador, que detenga el actuar del gobernador Cuitl\u00e1huac Garc\u00eda Jim\u00e9nez, quien ha recibido constantes recomendaciones por parte de la Comisi\u00f3n Nacional de Derechos Humanos (CNDH).<\/p>\n","protected":false},"excerpt":{"rendered":"<p>Juan Arcos Xalapa, Ver.- Jos\u00e9 Manuel del R\u00edo Virgen, tras su liberaci\u00f3n en el penal de Pacho Viejo, municipio de Coatepec, el pasado viernes 18 de junio, manifest\u00f3 que teme por su vida y por la de su familia. En un video que difundi\u00f3 en redes sociales, indic\u00f3 que si algo le pasa a \u00e9l, [&hellip;]<\/p>\n","protected":false},"author":1,"featured_media":28593,"comment_status":"open","ping_status":"open","sticky":false,"template":"","format":"standard","meta":{"_jetpack_memberships_contains_paid_content":false,"footnotes":""},"categories":[2],"tags":[],"class_list":["post-28592","post","type-post","status-publish","format-standard","has-post-thumbnail","hentry","category-estado"],"jetpack_featured_media_url":"https:\/\/encuentroinformativo.com.mx\/wp-content\/uploads\/2022\/06\/A01EC4E9-9DBA-497C-B508-3A54A2B30FC2.jpeg","jetpack_sharing_enabled":true,"jetpack_likes_enabled":true,"amp_enabled":true,"_links":{"self":[{"href":"https:\/\/encuentroinformativo.com.mx\/index.php?rest_route=\/wp\/v2\/posts\/28592","targetHints":{"allow":["GET"]}}],"collection":[{"href":"https:\/\/encuentroinformativo.com.mx\/index.php?rest_route=\/wp\/v2\/posts"}],"about":[{"href":"https:\/\/encuentroinformativo.com.mx\/index.php?rest_route=\/wp\/v2\/types\/post"}],"author":[{"embeddable":true,"href":"https:\/\/encuentroinformativo.com.mx\/index.php?rest_route=\/wp\/v2\/users\/1"}],"replies":[{"embeddable":true,"href":"https:\/\/encuentroinformativo.com.mx\/index.php?rest_route=%2Fwp%2Fv2%2Fcomments&post=28592"}],"version-history":[{"count":1,"href":"https:\/\/encuentroinformativo.com.mx\/index.php?rest_route=\/wp\/v2\/posts\/28592\/revisions"}],"predecessor-version":[{"id":28594,"href":"https:\/\/encuentroinformativo.com.mx\/index.php?rest_route=\/wp\/v2\/posts\/28592\/revisions\/28594"}],"wp:featuredmedia":[{"embeddable":true,"href":"https:\/\/encuentroinformativo.com.mx\/index.php?rest_route=\/wp\/v2\/media\/28593"}],"wp:attachment":[{"href":"https:\/\/encuentroinformativo.com.mx\/index.php?rest_route=%2Fwp%2Fv2%2Fmedia&parent=28592"}],"wp:term":[{"taxonomy":"category","embeddable":true,"href":"https:\/\/encuentroinformativo.com.mx\/index.php?rest_route=%2Fwp%2Fv2%2Fcategories&post=28592"},{"taxonomy":"post_tag","embeddable":true,"href":"https:\/\/encuentroinformativo.com.mx\/index.php?rest_route=%2Fwp%2Fv2%2Ftags&post=28592"}],"curies":[{"name":"wp","href":"https:\/\/api.w.org\/{rel}","templated":true}]}}